{"id":14691,"date":"2021-04-12T23:46:08","date_gmt":"2021-04-12T23:46:08","guid":{"rendered":"https:\/\/oparanews.com.br\/?p=14691"},"modified":"2021-04-12T23:46:08","modified_gmt":"2021-04-12T23:46:08","slug":"bernardinho-vai-assumir-a-selecao-da-franca-apos-olimpiadas-de-toquio","status":"publish","type":"post","link":"https:\/\/www.oparanews.com.br\/index.php\/2021\/04\/12\/bernardinho-vai-assumir-a-selecao-da-franca-apos-olimpiadas-de-toquio\/","title":{"rendered":"Bernardinho vai assumir a sele\u00e7\u00e3o da Fran\u00e7a ap\u00f3s Olimp\u00edadas de T\u00f3quio"},"content":{"rendered":"<p>Bernardinho ser\u00e1 o novo treinador da Fran\u00e7a ap\u00f3s as Olimp\u00edadas de T\u00f3quio. O t\u00e9cnico brasileiro vai substituir Laurent Tillie no comando da equipe com a miss\u00e3o de levar a sele\u00e7\u00e3o masculina europeia ao ouro nos Jogos de Paris, em 2024. O jornal franc\u00eas \u201cL\u2019Equipe\u201d foi o primeiro a publicar a informa\u00e7\u00e3o, nesta segunda-feira, confirmada pelo rep\u00f3rter Al\u00ea Oliveira. Pouco depois, a pr\u00f3pria federa\u00e7\u00e3o de v\u00f4lei do pa\u00eds confirmou a contrata\u00e7\u00e3o com uma declara\u00e7\u00e3o do t\u00e9cnico.<\/p>\n<p>&#8211; Estou muito honrado que a Federa\u00e7\u00e3o tenha aceitado minha candidatura. Esta decis\u00e3o n\u00e3o foi f\u00e1cil porque requer alguns sacrif\u00edcios pessoais. Mas quando olho para a sele\u00e7\u00e3o da Fran\u00e7a e sua evolu\u00e7\u00e3o hoje, fico muito entusiasmado com a ideia de poder trazer minha experi\u00eancia a ela, a fim de avan\u00e7ar em dire\u00e7\u00e3o a um \u00fanico objetivo comum: a medalha de ouro nos Jogos Ol\u00edmpicos de Paris. \u00c9 um verdadeiro desafio que nos espera &#8211; disse Bernardinho.<\/p>\n<p>A Federa\u00e7\u00e3o Francesa procurou Bernardinho na \u00faltima semana. O treinador, em entrevista ao portal \u201cWeb V\u00f4lei\u201d, por\u00e9m, negou o acerto e afirmou que havia apenas recebido uma sondagem. Mesmo com o acordo, o treinador n\u00e3o deixar\u00e1 o comando do Sesc-Flamengo. A estreia \u00e0 frente da sele\u00e7\u00e3o europeia dever\u00e1 ser em setembro, no Campeonato Europeu.<\/p>\n<p>&#8211; Essa equipe tem potencial e gostaria de destacar o trabalho admir\u00e1vel que Laurent Tillie tem feito com os seus jogadores ao longo dos \u00faltimos nove anos. Quero continuar este trabalho, ultrapassar os limites e as capacidades de cada um, continuar a faz\u00ea-los crescer como atletas e como seres humanos. \u00c9 uma etapa necess\u00e1ria. Mas, por enquanto, s\u00f3 pode haver um objetivo: as Olimp\u00edadas de T\u00f3quio. Ent\u00e3o, vou deixar Laurent, sua equipe e seus jogadores trabalharem para ter o melhor desempenho em T\u00f3quio. Eles t\u00eam a capacidade e o talento &#8211; afirmou o treinador.<\/p>\n<p>Um dos mais vitoriosos t\u00e9cnicos do pa\u00eds, Bernardinho vai comandar pela primeira vez uma sele\u00e7\u00e3o estrangeira. O treinador chegou ao time masculino do Brasil em 2001, \u00e0s v\u00e9speras da Liga Mundial daquele ano \u2013 da qual sairia campe\u00e3o. Estreou no dia 4 de maio, contra a Noruega, em amistoso disputado em Portugal, como parte da prepara\u00e7\u00e3o para o torneio. Em 15 anos, somou mais de 30 conquistas \u00e0 frente da equipe. Foram dois ouros ol\u00edmpicos (2004 e 2016), duas pratas (2008 e 2012) e tr\u00eas t\u00edtulos mundiais (2002, 2006 e 2010), al\u00e9m de oito Ligas Mundiais. Antes, com a sele\u00e7\u00e3o feminina, conquistou dois bronzes ol\u00edmpicos, nos Jogos de Atlanta, em 1996, e de Sydney, em 2000. Foram seis medalhas ol\u00edmpicas em sequ\u00eancia.<\/p>\n<p>O t\u00e9cnico deixou a sele\u00e7\u00e3o brasileira ap\u00f3s a conquista do ouro nas Olimp\u00edadas do Rio. Queria ficar mais perto da fam\u00edlia ap\u00f3s duas d\u00e9cadas se dividindo entre equipe e sele\u00e7\u00e3o. Agora, por\u00e9m, assume uma nova miss\u00e3o para o pr\u00f3ximo ciclo ol\u00edmpico.<\/p>\n<p>Com a confirma\u00e7\u00e3o de que segue \u00e0 frente do Sesc-Flamengo, Bernardinho continuar\u00e1 o processo de montagem do elenco do Sesc-Flamengo para a pr\u00f3xima temporada da Superliga. Na \u00faltima edi\u00e7\u00e3o da competi\u00e7\u00e3o nacional, o treinador levou o clube \u00e0 quinta posi\u00e7\u00e3o, sendo eliminado nas quartas de final para o Sesi-Bauru.<\/p>\n<p>&nbsp;<\/p>\n<p><strong>Fonte: GE<\/strong><\/p>\n<p>&nbsp;<\/p>\n","protected":false},"excerpt":{"rendered":"<p>Bernardinho ser\u00e1 o novo treinador da Fran\u00e7a ap\u00f3s as Olimp\u00edadas de T\u00f3quio. O t\u00e9cnico brasileiro vai substituir Laurent Tillie no comando da equipe com a miss\u00e3o de levar a sele\u00e7\u00e3o masculina europeia ao ouro nos Jogos de Paris, em 2024. O jornal franc\u00eas \u201cL\u2019Equipe\u201d foi o primeiro a publicar a informa\u00e7\u00e3o, nesta segunda-feira, confirmada pelo &hellip;<\/p>\n","protected":false},"author":1,"featured_media":14692,"comment_status":"closed","ping_status":"closed","sticky":false,"template":"","format":"standard","meta":{"_jetpack_newsletter_access":"","_jetpack_dont_email_post_to_subs":false,"_jetpack_newsletter_tier_id":0,"_jetpack_memberships_contains_paywalled_content":false,"_jetpack_memberships_contains_paid_content":false,"footnotes":""},"categories":[1],"tags":[],"class_list":["post-14691","post","type-post","status-publish","format-standard","has-post-thumbnail","hentry","category-destaque"],"jetpack_sharing_enabled":true,"jetpack_featured_media_url":"","_links":{"self":[{"href":"https:\/\/www.oparanews.com.br\/index.php\/wp-json\/wp\/v2\/posts\/14691","targetHints":{"allow":["GET"]}}],"collection":[{"href":"https:\/\/www.oparanews.com.br\/index.php\/wp-json\/wp\/v2\/posts"}],"about":[{"href":"https:\/\/www.oparanews.com.br\/index.php\/wp-json\/wp\/v2\/types\/post"}],"author":[{"embeddable":true,"href":"https:\/\/www.oparanews.com.br\/index.php\/wp-json\/wp\/v2\/users\/1"}],"replies":[{"embeddable":true,"href":"https:\/\/www.oparanews.com.br\/index.php\/wp-json\/wp\/v2\/comments?post=14691"}],"version-history":[{"count":0,"href":"https:\/\/www.oparanews.com.br\/index.php\/wp-json\/wp\/v2\/posts\/14691\/revisions"}],"wp:attachment":[{"href":"https:\/\/www.oparanews.com.br\/index.php\/wp-json\/wp\/v2\/media?parent=14691"}],"wp:term":[{"taxonomy":"category","embeddable":true,"href":"https:\/\/www.oparanews.com.br\/index.php\/wp-json\/wp\/v2\/categories?post=14691"},{"taxonomy":"post_tag","embeddable":true,"href":"https:\/\/www.oparanews.com.br\/index.php\/wp-json\/wp\/v2\/tags?post=14691"}],"curies":[{"name":"wp","href":"https:\/\/api.w.org\/{rel}","templated":true}]}}