{"id":14694,"date":"2021-04-12T23:48:46","date_gmt":"2021-04-12T23:48:46","guid":{"rendered":"https:\/\/oparanews.com.br\/?p=14694"},"modified":"2021-04-12T23:48:46","modified_gmt":"2021-04-12T23:48:46","slug":"fla-pede-e-ferj-adia-jogo-contra-o-vasco","status":"publish","type":"post","link":"https:\/\/www.oparanews.com.br\/index.php\/2021\/04\/12\/fla-pede-e-ferj-adia-jogo-contra-o-vasco\/","title":{"rendered":"Fla pede, e Ferj adia jogo contra o Vasco"},"content":{"rendered":"<p>A Federa\u00e7\u00e3o de Futebol do Rio de Janeiro remarcou o cl\u00e1ssico entre Flamengo e Vasco para quinta-feira, \u00e0s 19h, no Maracan\u00e3. A partida estava prevista para quarta, \u00e0s 21h.<\/p>\n<p>O pedido partiu do Flamengo. Desde a semana passada o clube vem tentando o adiamento, uma vez que disputou a decis\u00e3o da Supercopa no domingo, contra o Palmeiras.<\/p>\n<p>O Vasco n\u00e3o foi consultado antes da decis\u00e3o, mas foi comunicado no fim da tarde desta segunda-feira sobre a mudan\u00e7a. Em nota divulgada durante a tarde, o clube chamou a decis\u00e3o da Ferj de arbitr\u00e1ria e lamentou o favorecimento ao Flamengo. Leia a nota mais abaixo.<\/p>\n<p>A Ferj usou o artigo 23 do regulamento para alterar a data. O texto diz que a entidade pode antecipar ou adiar qualquer jogo constante da tabela, bem como alterar locais e hor\u00e1rios, a seu crit\u00e9rio, ou para compatibilizar ou adequar \u00e0 programa\u00e7\u00e3o relativa aos contratos de transmiss\u00e3o, desde que solicitado, expressamente, pela empresa detentora dos respectivos direitos, e ainda, em casos fortuitos ou de for\u00e7a maior.<\/p>\n<p>O cl\u00e1ssico fechar\u00e1 a 9\u00aa rodada do Campeonato Carioca. Com 19 pontos, o Flamengo est\u00e1 em segundo e j\u00e1 assegurou a classifica\u00e7\u00e3o para as semifinais. O Vasco, por sua vez est\u00e1 em 8\u00ba, com 10 pontos, e corre risco de ficar fora da fase decisiva do Estadual. Se perder na quinta, o time de S\u00e3o Janu\u00e1rio estar\u00e1 eliminado.<\/p>\n<p>Leia a nota do Vasco:<\/p>\n<p><em>&#8220;O CLUB DE REGATAS VASCO DA GAMA repudia a repentina mudan\u00e7a da data de seu jogo contra o Flamengo, decis\u00e3o tomada, \u00e0 toda evid\u00eancia, para favorecer um dos times envolvidos no confronto, e sem que houvesse qualquer consulta ao Vasco da Gama. Para agravar a situa\u00e7\u00e3o, na manh\u00e3 desta segunda (12), por volta das 11h36, o Clube recebeu um e-mail com a tabela atualizada da competi\u00e7\u00e3o anexada, sem nenhuma altera\u00e7\u00e3o da data do jogo em quest\u00e3o. Logo ap\u00f3s esse comunicado, outra confirma\u00e7\u00e3o: foi realizada uma reuni\u00e3o virtual, com participa\u00e7\u00e3o da FFERJ e de representantes dos dois clubes (Vasco e Flamengo), para definir todo o Plano de A\u00e7\u00e3o e Conting\u00eancia da partida.<\/em><\/p>\n<p><em>Inexiste qualquer motivo leg\u00edtimo que justifique a mudan\u00e7a de data \u00e0s v\u00e9speras do confronto, visto que \u00e9 usual a programa\u00e7\u00e3o de jogos aos domingos e quartas-feiras. Ressalta-se que o regulamento da competi\u00e7\u00e3o, em seu art. 23, elenca as causas para altera\u00e7\u00e3o de hor\u00e1rio de qualquer jogo \u00e0 compatibiliza\u00e7\u00e3o e adequa\u00e7\u00e3o \u00e0 programa\u00e7\u00e3o das detentoras dos direitos de transmiss\u00e3o, desde que expressamente solicitado por estas, ou ainda casos fortuitos ou de for\u00e7a maior.<\/em><\/p>\n<p><em>Por certo, n\u00e3o se trata de nenhuma destas situa\u00e7\u00f5es, mas t\u00e3o somente, a uma arbitrariedade da FFERJ atuando de forma n\u00e3o igualit\u00e1ria perante seus filiados.<\/em><\/p>\n<p><em>Ressalta-se que valorizando o Campeonato Carioca, o Departamento de Futebol, o Departamento de Sa\u00fade e Performance e a Comiss\u00e3o T\u00e9cnica elaboraram um planejamento para o Cl\u00e1ssico dos Milh\u00f5es, que incluiu o retorno imediato de Tombos (MG) logo ap\u00f3s o compromisso pela segunda fase da Copa do Brasil. A estrat\u00e9gia contou ainda com a aus\u00eancia de folga mesmo ap\u00f3s uma viagem desgastante e treinamentos di\u00e1rios no CT do Almirante, na Cidade de Deus, inclusive no s\u00e1bado e no domingo.<\/em><\/p>\n<p><em>O Vasco da Gama lamenta a equivocada decis\u00e3o da federa\u00e7\u00e3o que acaba com o equil\u00edbrio entre todos os seus filiados e a pr\u00f3pria credibilidade da competi\u00e7\u00e3o que organiza.&#8221;<\/em><\/p>\n<p>&nbsp;<\/p>\n<p><strong>Fonte: GE<\/strong><\/p>\n<p>&nbsp;<\/p>\n","protected":false},"excerpt":{"rendered":"<p>A Federa\u00e7\u00e3o de Futebol do Rio de Janeiro remarcou o cl\u00e1ssico entre Flamengo e Vasco para quinta-feira, \u00e0s 19h, no Maracan\u00e3. A partida estava prevista para quarta, \u00e0s 21h. O pedido partiu do Flamengo. Desde a semana passada o clube vem tentando o adiamento, uma vez que disputou a decis\u00e3o da Supercopa no domingo, contra &hellip;<\/p>\n","protected":false},"author":1,"featured_media":14695,"comment_status":"closed","ping_status":"closed","sticky":false,"template":"","format":"standard","meta":{"_jetpack_newsletter_access":"","_jetpack_dont_email_post_to_subs":false,"_jetpack_newsletter_tier_id":0,"_jetpack_memberships_contains_paywalled_content":false,"_jetpack_memberships_contains_paid_content":false,"footnotes":""},"categories":[1],"tags":[],"class_list":["post-14694","post","type-post","status-publish","format-standard","has-post-thumbnail","hentry","category-destaque"],"jetpack_sharing_enabled":true,"jetpack_featured_media_url":"","_links":{"self":[{"href":"https:\/\/www.oparanews.com.br\/index.php\/wp-json\/wp\/v2\/posts\/14694","targetHints":{"allow":["GET"]}}],"collection":[{"href":"https:\/\/www.oparanews.com.br\/index.php\/wp-json\/wp\/v2\/posts"}],"about":[{"href":"https:\/\/www.oparanews.com.br\/index.php\/wp-json\/wp\/v2\/types\/post"}],"author":[{"embeddable":true,"href":"https:\/\/www.oparanews.com.br\/index.php\/wp-json\/wp\/v2\/users\/1"}],"replies":[{"embeddable":true,"href":"https:\/\/www.oparanews.com.br\/index.php\/wp-json\/wp\/v2\/comments?post=14694"}],"version-history":[{"count":0,"href":"https:\/\/www.oparanews.com.br\/index.php\/wp-json\/wp\/v2\/posts\/14694\/revisions"}],"wp:attachment":[{"href":"https:\/\/www.oparanews.com.br\/index.php\/wp-json\/wp\/v2\/media?parent=14694"}],"wp:term":[{"taxonomy":"category","embeddable":true,"href":"https:\/\/www.oparanews.com.br\/index.php\/wp-json\/wp\/v2\/categories?post=14694"},{"taxonomy":"post_tag","embeddable":true,"href":"https:\/\/www.oparanews.com.br\/index.php\/wp-json\/wp\/v2\/tags?post=14694"}],"curies":[{"name":"wp","href":"https:\/\/api.w.org\/{rel}","templated":true}]}}