{"id":14700,"date":"2021-04-13T14:00:44","date_gmt":"2021-04-13T14:00:44","guid":{"rendered":"https:\/\/oparanews.com.br\/?p=14700"},"modified":"2021-04-13T14:00:44","modified_gmt":"2021-04-13T14:00:44","slug":"idosos-da-zona-rural-de-penedo-tem-transporte-exclusivo-para-receber-vacina-contra-covid-19","status":"publish","type":"post","link":"https:\/\/www.oparanews.com.br\/index.php\/2021\/04\/13\/idosos-da-zona-rural-de-penedo-tem-transporte-exclusivo-para-receber-vacina-contra-covid-19\/","title":{"rendered":"Idosos da zona rural de Penedo t\u00eam transporte exclusivo para receber vacina contra Covid-19"},"content":{"rendered":"<p>Penedo \u00e9 refer\u00eancia positiva para Alagoas no desenvolvimento da campanha de vacina\u00e7\u00e3o contra Covid-19, condi\u00e7\u00e3o destacada pelo governador Renan Filho durante an\u00fancio de a\u00e7\u00f5es de apoio ao enfrentamento \u00e0 pandemia no \u00faltimo dia 06.<\/p>\n<p>O munic\u00edpio com alto \u00edndice de aproveitamento das vacinas disponibiliza transporte para idosos que moram na zona rural at\u00e9 a Central de Vacina\u00e7\u00e3o e leva o servi\u00e7o at\u00e9 a resid\u00eancia das pessoas impossibilitadas de se locomover.<\/p>\n<p>Penedo tem o melhor aproveitamento na vacina\u00e7\u00e3o contra Covid-19 entre grandes cidades de Alagoas<\/p>\n<p>A assist\u00eancia \u00e0s pessoas idosas residentes nos povoados de Penedo acompanha o cronograma de faixas et\u00e1rias e atender\u00e1 quem tem 60 anos ou mais a partir de amanh\u00e3.<\/p>\n<p>O governo Crescendo Com Seu Povo disponibiliza \u00f4nibus para a comunidade Palmeira Alta na quarta-feira, 14, e para os povoados Capela, Santa Margarida e Tabuleiro dos Negros na quinta-feira, 15.<\/p>\n<p>O transporte em \u00f4nibus respeita o protocolo que limita a lota\u00e7\u00e3o do ve\u00edculo que proporciona o acesso \u00e0 imuniza\u00e7\u00e3o. O direito \u00e0 vacina tamb\u00e9m \u00e9 assegurado em Penedo para pessoas impossibilitadas de se locomover.<\/p>\n<p>A aplica\u00e7\u00e3o da vacina contra Covid-19 \u00e9 feita na resid\u00eancia do acamado ou domiciliado, com novo cronograma dispon\u00edvel neste link.<\/p>\n<p>A Central de Vacina\u00e7\u00e3o mantida pela Prefeitura de Penedo na Escola Estadual Ernani M\u00e9ro funciona de segunda \u00e0 sexta, das 7h \u00e0s 17 horas.<\/p>\n<p>&nbsp;<\/p>\n<p><strong>por Fernando Vin\u00edcius \u2013 jornalista Decom PMP<\/strong><\/p>\n<p>&nbsp;<\/p>\n","protected":false},"excerpt":{"rendered":"<p>Penedo \u00e9 refer\u00eancia positiva para Alagoas no desenvolvimento da campanha de vacina\u00e7\u00e3o contra Covid-19, condi\u00e7\u00e3o destacada pelo governador Renan Filho durante an\u00fancio de a\u00e7\u00f5es de apoio ao enfrentamento \u00e0 pandemia no \u00faltimo dia 06. O munic\u00edpio com alto \u00edndice de aproveitamento das vacinas disponibiliza transporte para idosos que moram na zona rural at\u00e9 a Central &hellip;<\/p>\n","protected":false},"author":1,"featured_media":14701,"comment_status":"closed","ping_status":"closed","sticky":false,"template":"","format":"standard","meta":{"_jetpack_newsletter_access":"","_jetpack_dont_email_post_to_subs":false,"_jetpack_newsletter_tier_id":0,"_jetpack_memberships_contains_paywalled_content":false,"_jetpack_memberships_contains_paid_content":false,"footnotes":""},"categories":[1],"tags":[],"class_list":["post-14700","post","type-post","status-publish","format-standard","has-post-thumbnail","hentry","category-destaque"],"jetpack_sharing_enabled":true,"jetpack_featured_media_url":"","_links":{"self":[{"href":"https:\/\/www.oparanews.com.br\/index.php\/wp-json\/wp\/v2\/posts\/14700","targetHints":{"allow":["GET"]}}],"collection":[{"href":"https:\/\/www.oparanews.com.br\/index.php\/wp-json\/wp\/v2\/posts"}],"about":[{"href":"https:\/\/www.oparanews.com.br\/index.php\/wp-json\/wp\/v2\/types\/post"}],"author":[{"embeddable":true,"href":"https:\/\/www.oparanews.com.br\/index.php\/wp-json\/wp\/v2\/users\/1"}],"replies":[{"embeddable":true,"href":"https:\/\/www.oparanews.com.br\/index.php\/wp-json\/wp\/v2\/comments?post=14700"}],"version-history":[{"count":0,"href":"https:\/\/www.oparanews.com.br\/index.php\/wp-json\/wp\/v2\/posts\/14700\/revisions"}],"wp:attachment":[{"href":"https:\/\/www.oparanews.com.br\/index.php\/wp-json\/wp\/v2\/media?parent=14700"}],"wp:term":[{"taxonomy":"category","embeddable":true,"href":"https:\/\/www.oparanews.com.br\/index.php\/wp-json\/wp\/v2\/categories?post=14700"},{"taxonomy":"post_tag","embeddable":true,"href":"https:\/\/www.oparanews.com.br\/index.php\/wp-json\/wp\/v2\/tags?post=14700"}],"curies":[{"name":"wp","href":"https:\/\/api.w.org\/{rel}","templated":true}]}}