{"id":14703,"date":"2021-04-13T15:08:04","date_gmt":"2021-04-13T15:08:04","guid":{"rendered":"https:\/\/oparanews.com.br\/?p=14703"},"modified":"2021-04-13T15:08:04","modified_gmt":"2021-04-13T15:08:04","slug":"gestores-das-secretarias-da-prefeitura-de-penedo-debatem-plano-municipal-de-coleta-seletiva","status":"publish","type":"post","link":"https:\/\/www.oparanews.com.br\/index.php\/2021\/04\/13\/gestores-das-secretarias-da-prefeitura-de-penedo-debatem-plano-municipal-de-coleta-seletiva\/","title":{"rendered":"Gestores das secretarias da Prefeitura de Penedo debatem Plano Municipal de Coleta Seletiva"},"content":{"rendered":"<p>A coleta seletiva de res\u00edduos s\u00f3lidos \u00e9 fundamental para a preserva\u00e7\u00e3o do meio ambiente e ado\u00e7\u00e3o da sustentabilidade nas cidades brasileiras.<\/p>\n<p>Dessa forma, a Secretaria Municipal de Meio Ambiente e Recursos H\u00eddricos (SEMARH) da Prefeitura de Penedo implanta o Plano Municipal de Coleta Seletiva.<\/p>\n<p>Para debater as quest\u00f5es ligadas ao tema, a SEMARH Penedo convida os gestores das secretarias municipais a compareceram ao audit\u00f3rio da biblioteca pertencente a Sociedade de Cultura e Arte Popular de Penedo, localizada no Centro Hist\u00f3rico, \u00e0s 8h30 dessa quinta-feira (15).<\/p>\n<p>Sendo fundamental a integra\u00e7\u00e3o de todos os setores da administra\u00e7\u00e3o p\u00fablica municipal, para a elabora\u00e7\u00e3o do plano.<\/p>\n<p>A implanta\u00e7\u00e3o dessa pol\u00edtica p\u00fablica ocorrer\u00e1 em conjunto com outra a\u00e7\u00e3o da SEMARH Penedo, a cria\u00e7\u00e3o de uma cooperativa formada por coletores de material reciclado.<\/p>\n<p>De acordo com a SEMARH Penedo, a coleta seletiva dos res\u00edduos s\u00f3lidos e sua destina\u00e7\u00e3o para reciclagem proporcionar\u00e1 uma economia significativa do montante de lixo enviado ao aterro sanit\u00e1rio localizado no munic\u00edpio de Cra\u00edbas, gerando assim economia de recursos aos cofres p\u00fablicos, al\u00e9m de contribuir com a preserva\u00e7\u00e3o do meio ambiente.<\/p>\n<p>&nbsp;<\/p>\n<p><strong>por Thiago Sobral &#8211; Decom\/ PMP<\/strong><\/p>\n<p>&nbsp;<\/p>\n","protected":false},"excerpt":{"rendered":"<p>A coleta seletiva de res\u00edduos s\u00f3lidos \u00e9 fundamental para a preserva\u00e7\u00e3o do meio ambiente e ado\u00e7\u00e3o da sustentabilidade nas cidades brasileiras. Dessa forma, a Secretaria Municipal de Meio Ambiente e Recursos H\u00eddricos (SEMARH) da Prefeitura de Penedo implanta o Plano Municipal de Coleta Seletiva. Para debater as quest\u00f5es ligadas ao tema, a SEMARH Penedo convida &hellip;<\/p>\n","protected":false},"author":1,"featured_media":14704,"comment_status":"closed","ping_status":"closed","sticky":false,"template":"","format":"standard","meta":{"_jetpack_newsletter_access":"","_jetpack_dont_email_post_to_subs":false,"_jetpack_newsletter_tier_id":0,"_jetpack_memberships_contains_paywalled_content":false,"_jetpack_memberships_contains_paid_content":false,"footnotes":""},"categories":[1],"tags":[],"class_list":["post-14703","post","type-post","status-publish","format-standard","has-post-thumbnail","hentry","category-destaque"],"jetpack_sharing_enabled":true,"jetpack_featured_media_url":"","_links":{"self":[{"href":"https:\/\/www.oparanews.com.br\/index.php\/wp-json\/wp\/v2\/posts\/14703","targetHints":{"allow":["GET"]}}],"collection":[{"href":"https:\/\/www.oparanews.com.br\/index.php\/wp-json\/wp\/v2\/posts"}],"about":[{"href":"https:\/\/www.oparanews.com.br\/index.php\/wp-json\/wp\/v2\/types\/post"}],"author":[{"embeddable":true,"href":"https:\/\/www.oparanews.com.br\/index.php\/wp-json\/wp\/v2\/users\/1"}],"replies":[{"embeddable":true,"href":"https:\/\/www.oparanews.com.br\/index.php\/wp-json\/wp\/v2\/comments?post=14703"}],"version-history":[{"count":0,"href":"https:\/\/www.oparanews.com.br\/index.php\/wp-json\/wp\/v2\/posts\/14703\/revisions"}],"wp:attachment":[{"href":"https:\/\/www.oparanews.com.br\/index.php\/wp-json\/wp\/v2\/media?parent=14703"}],"wp:term":[{"taxonomy":"category","embeddable":true,"href":"https:\/\/www.oparanews.com.br\/index.php\/wp-json\/wp\/v2\/categories?post=14703"},{"taxonomy":"post_tag","embeddable":true,"href":"https:\/\/www.oparanews.com.br\/index.php\/wp-json\/wp\/v2\/tags?post=14703"}],"curies":[{"name":"wp","href":"https:\/\/api.w.org\/{rel}","templated":true}]}}