{"id":14719,"date":"2021-04-14T12:19:33","date_gmt":"2021-04-14T12:19:33","guid":{"rendered":"https:\/\/oparanews.com.br\/?p=14719"},"modified":"2021-04-14T12:19:33","modified_gmt":"2021-04-14T12:19:33","slug":"semada-implantara-centro-de-distribuicao-de-sementes-em-penedo","status":"publish","type":"post","link":"https:\/\/www.oparanews.com.br\/index.php\/2021\/04\/14\/semada-implantara-centro-de-distribuicao-de-sementes-em-penedo\/","title":{"rendered":"SEMADA implantar\u00e1 Centro de Distribui\u00e7\u00e3o de Sementes em Penedo"},"content":{"rendered":"<p>Trabalhar para melhorar a vida do homem do campo penedense, com diversas a\u00e7\u00f5es nessa dire\u00e7\u00e3o, esse \u00e9 um dos objetivos da gest\u00e3o Crescendo com Seu Povo.<\/p>\n<p>Dessa forma, a Secretaria Municipal de Abastecimento e Desenvolvimento Agr\u00edcola \u2013 SEMADA solicitou ao Governo do Estado 6.740 quilos de sementes de milho, feij\u00e3o de corda, feij\u00e3o de arranca e arroz para serem entregues aos pequenos agricultores.<\/p>\n<p>Al\u00e9m da distribui\u00e7\u00e3o de sementes, a SEMADA Penedo fornece ao homem do campo em Penedo apoio t\u00e9cnico, assist\u00eancia que incentiva a produ\u00e7\u00e3o com orienta\u00e7\u00e3o especializada e uso de m\u00e1quinas e implementos agr\u00edcolas.<\/p>\n<p><strong>Central de Distribui\u00e7\u00e3o de Sementes<\/strong><\/p>\n<p>Outra a\u00e7\u00e3o realizada pela SEMADA Penedo \u00e9 a instala\u00e7\u00e3o de uma Central de Distribui\u00e7\u00e3o de Sementes, que al\u00e9m de atender aos agricultores penedenses, tamb\u00e9m servir\u00e1 como ponto de entrega para outros munic\u00edpios alagoanos.<\/p>\n<p>De acordo com o Secret\u00e1rio Municipal de Abastecimento e Desenvolvimento Agr\u00edcola Pedro Felipe Queiroz, a Central de Distribui\u00e7\u00e3o de Sementes receber\u00e1 e fornecer\u00e1 o insumo para Igreja Nova, Teot\u00f4nio Vilela, Junqueiro, Coruripe, Feliz Deserto, dentre outros.<\/p>\n<p>Para Pedro Felipe, essa \u00e9 mais uma a\u00e7\u00e3o do governo Ronaldo Lopes\/Jo\u00e3o Lucas para incentivar a produ\u00e7\u00e3o agr\u00edcola no munic\u00edpio, fornecendo assim as condi\u00e7\u00f5es necess\u00e1rias, para o homem do campo penedense desenvolver as suas atividades.<\/p>\n<p>&nbsp;<\/p>\n<p><strong>por Thiago Sobral \u2013 Decom\/ PMP<\/strong><\/p>\n<p>&nbsp;<\/p>\n","protected":false},"excerpt":{"rendered":"<p>Trabalhar para melhorar a vida do homem do campo penedense, com diversas a\u00e7\u00f5es nessa dire\u00e7\u00e3o, esse \u00e9 um dos objetivos da gest\u00e3o Crescendo com Seu Povo. Dessa forma, a Secretaria Municipal de Abastecimento e Desenvolvimento Agr\u00edcola \u2013 SEMADA solicitou ao Governo do Estado 6.740 quilos de sementes de milho, feij\u00e3o de corda, feij\u00e3o de arranca &hellip;<\/p>\n","protected":false},"author":1,"featured_media":14720,"comment_status":"closed","ping_status":"closed","sticky":false,"template":"","format":"standard","meta":{"_jetpack_newsletter_access":"","_jetpack_dont_email_post_to_subs":false,"_jetpack_newsletter_tier_id":0,"_jetpack_memberships_contains_paywalled_content":false,"_jetpack_memberships_contains_paid_content":false,"footnotes":""},"categories":[1],"tags":[],"class_list":["post-14719","post","type-post","status-publish","format-standard","has-post-thumbnail","hentry","category-destaque"],"jetpack_sharing_enabled":true,"jetpack_featured_media_url":"","_links":{"self":[{"href":"https:\/\/www.oparanews.com.br\/index.php\/wp-json\/wp\/v2\/posts\/14719","targetHints":{"allow":["GET"]}}],"collection":[{"href":"https:\/\/www.oparanews.com.br\/index.php\/wp-json\/wp\/v2\/posts"}],"about":[{"href":"https:\/\/www.oparanews.com.br\/index.php\/wp-json\/wp\/v2\/types\/post"}],"author":[{"embeddable":true,"href":"https:\/\/www.oparanews.com.br\/index.php\/wp-json\/wp\/v2\/users\/1"}],"replies":[{"embeddable":true,"href":"https:\/\/www.oparanews.com.br\/index.php\/wp-json\/wp\/v2\/comments?post=14719"}],"version-history":[{"count":0,"href":"https:\/\/www.oparanews.com.br\/index.php\/wp-json\/wp\/v2\/posts\/14719\/revisions"}],"wp:attachment":[{"href":"https:\/\/www.oparanews.com.br\/index.php\/wp-json\/wp\/v2\/media?parent=14719"}],"wp:term":[{"taxonomy":"category","embeddable":true,"href":"https:\/\/www.oparanews.com.br\/index.php\/wp-json\/wp\/v2\/categories?post=14719"},{"taxonomy":"post_tag","embeddable":true,"href":"https:\/\/www.oparanews.com.br\/index.php\/wp-json\/wp\/v2\/tags?post=14719"}],"curies":[{"name":"wp","href":"https:\/\/api.w.org\/{rel}","templated":true}]}}