{"id":14722,"date":"2021-04-14T12:21:00","date_gmt":"2021-04-14T12:21:00","guid":{"rendered":"https:\/\/oparanews.com.br\/?p=14722"},"modified":"2021-04-14T12:21:00","modified_gmt":"2021-04-14T12:21:00","slug":"problema-nacional-suspende-2a-dose-da-coronavac-em-penedo","status":"publish","type":"post","link":"https:\/\/www.oparanews.com.br\/index.php\/2021\/04\/14\/problema-nacional-suspende-2a-dose-da-coronavac-em-penedo\/","title":{"rendered":"Problema nacional suspende 2\u00aa dose da Coronavac em Penedo"},"content":{"rendered":"<p>Quem reside em Penedo e est\u00e1 agendado para receber a segunda dose da Coronavac nesta quarta-feira, 14, fique em casa. A conclus\u00e3o da imuniza\u00e7\u00e3o contra a Covid-19 est\u00e1 suspensa em fun\u00e7\u00e3o de problema que tamb\u00e9m est\u00e1 ocorrendo em outras cidades do pa\u00eds.<\/p>\n<p>Dois lotes da vacina Coronavac enviadas para Penedo apresentam ampolas com quantidade abaixo do volume correto. E como 673 pessoas receberia amanh\u00e3 (quarta, 14) a segunda dose, a Secretaria Municipal de Sa\u00fade (SEMS) adiou o procedimento por insufici\u00eancia espec\u00edfica dessa vacina.<\/p>\n<p>Apesar do transtorno, a decis\u00e3o n\u00e3o interfere no resultado da imuniza\u00e7\u00e3o porque a D2, como os profissionais da \u00e1rea se referem \u00e0 segunda dose, pode ser aplicada em at\u00e9 28 dias ap\u00f3s a data do agendamento.<\/p>\n<p><strong>Primeira dose<\/strong><\/p>\n<p>Apesar do imprevisto que ocorre em diversos munic\u00edpios do pa\u00eds e do posicionamento do Instituto Butantan, a Secretaria de Sa\u00fade de Penedo mant\u00e9m a campanha de imuniza\u00e7\u00e3o contra a Covid-19.<\/p>\n<p>A Central de Vacina\u00e7\u00e3o de Penedo continua funcionando normalmente, para aplicar a primeira dose em pessoas idosas com 60 anos de idade ou mais, inclusive para moradores da zona rural, com transporte disponibilizado pelo governo Crescendo Com Seu Povo.<\/p>\n<p><strong>Zona Rural<\/strong><\/p>\n<p>Ainda em rela\u00e7\u00e3o aos povoados, a quantidade dispon\u00edvel para segunda dose \u00e9 suficiente para atender quem est\u00e1 previsto para ser atendido nesta quarta-feira, 14, pessoas idosas dos povoados Palmeira Alta, Ponta Mofina e Cooperativa.<\/p>\n<p>Na quinta-feira, 15, a log\u00edstica preparada pela Prefeitura de Penedo atender\u00e1 aos moradores das comunidades Capela, Santa Margarida e Tabuleiro dos Negros apenas com a 1\u00aa dose.<\/p>\n<p>A Secretaria Municipal de Sa\u00fade j\u00e1 encaminhou relat\u00f3rio sobre o problema \u00e0s inst\u00e2ncias respons\u00e1veis pela campanha de vacina\u00e7\u00e3o do Brasil e assim que a situa\u00e7\u00e3o estiver regularizada, a popula\u00e7\u00e3o penedense ser\u00e1 informada, como tem sido regularmente.<\/p>\n<p>A divulga\u00e7\u00e3o institucional ocorre no portal oficial e nas redes sociais do governo municipal; atrav\u00e9s do notici\u00e1rio da imprensa local, sites e emissoras de r\u00e1dio, que recebem diariamente comunicados oficiais da administra\u00e7\u00e3o e ainda por meio de carros de som que circulam com informes produzidos pelo Departamento de Comunica\u00e7\u00e3o da Prefeitura de Penedo.<\/p>\n<p>&nbsp;<\/p>\n<p><strong>por Fernando Vin\u00edcius \u2013 Decom PMP<\/strong><\/p>\n<p>&nbsp;<\/p>\n","protected":false},"excerpt":{"rendered":"<p>Quem reside em Penedo e est\u00e1 agendado para receber a segunda dose da Coronavac nesta quarta-feira, 14, fique em casa. A conclus\u00e3o da imuniza\u00e7\u00e3o contra a Covid-19 est\u00e1 suspensa em fun\u00e7\u00e3o de problema que tamb\u00e9m est\u00e1 ocorrendo em outras cidades do pa\u00eds. Dois lotes da vacina Coronavac enviadas para Penedo apresentam ampolas com quantidade abaixo &hellip;<\/p>\n","protected":false},"author":1,"featured_media":14723,"comment_status":"closed","ping_status":"closed","sticky":false,"template":"","format":"standard","meta":{"_jetpack_newsletter_access":"","_jetpack_dont_email_post_to_subs":false,"_jetpack_newsletter_tier_id":0,"_jetpack_memberships_contains_paywalled_content":false,"_jetpack_memberships_contains_paid_content":false,"footnotes":""},"categories":[1],"tags":[],"class_list":["post-14722","post","type-post","status-publish","format-standard","has-post-thumbnail","hentry","category-destaque"],"jetpack_sharing_enabled":true,"jetpack_featured_media_url":"","_links":{"self":[{"href":"https:\/\/www.oparanews.com.br\/index.php\/wp-json\/wp\/v2\/posts\/14722","targetHints":{"allow":["GET"]}}],"collection":[{"href":"https:\/\/www.oparanews.com.br\/index.php\/wp-json\/wp\/v2\/posts"}],"about":[{"href":"https:\/\/www.oparanews.com.br\/index.php\/wp-json\/wp\/v2\/types\/post"}],"author":[{"embeddable":true,"href":"https:\/\/www.oparanews.com.br\/index.php\/wp-json\/wp\/v2\/users\/1"}],"replies":[{"embeddable":true,"href":"https:\/\/www.oparanews.com.br\/index.php\/wp-json\/wp\/v2\/comments?post=14722"}],"version-history":[{"count":0,"href":"https:\/\/www.oparanews.com.br\/index.php\/wp-json\/wp\/v2\/posts\/14722\/revisions"}],"wp:attachment":[{"href":"https:\/\/www.oparanews.com.br\/index.php\/wp-json\/wp\/v2\/media?parent=14722"}],"wp:term":[{"taxonomy":"category","embeddable":true,"href":"https:\/\/www.oparanews.com.br\/index.php\/wp-json\/wp\/v2\/categories?post=14722"},{"taxonomy":"post_tag","embeddable":true,"href":"https:\/\/www.oparanews.com.br\/index.php\/wp-json\/wp\/v2\/tags?post=14722"}],"curies":[{"name":"wp","href":"https:\/\/api.w.org\/{rel}","templated":true}]}}