{"id":14728,"date":"2021-04-14T12:34:02","date_gmt":"2021-04-14T12:34:02","guid":{"rendered":"https:\/\/oparanews.com.br\/?p=14728"},"modified":"2021-04-14T12:34:02","modified_gmt":"2021-04-14T12:34:02","slug":"csa-perde-para-o-remo-nos-penaltis-e-esta-fora-da-copa-do-brasil","status":"publish","type":"post","link":"https:\/\/www.oparanews.com.br\/index.php\/2021\/04\/14\/csa-perde-para-o-remo-nos-penaltis-e-esta-fora-da-copa-do-brasil\/","title":{"rendered":"CSA perde para o Remo nos p\u00eanaltis e est\u00e1 fora da Copa do Brasil"},"content":{"rendered":"<p>O CSA perdeu para o Remo, nos p\u00eanaltis, por 6 a 5, e foi eliminado da Copa do Brasil, em jogo na noite desta ter\u00e7a-feira (13), no Est\u00e1dio Rei Pel\u00e9, v\u00e1lido pela 2\u00aa fase da competi\u00e7\u00e3o. O gol do Azul\u00e3o foi marcado por Dellatorre, no 1\u00ba tempo; e o Remo empatou com Anderson Uch\u00f4a, na 2\u00aa etapa. Nas cobran\u00e7as das penalidades, para decidir quem avan\u00e7aria de fase, todos os dois times acertaram as suas cinco respectivas cobran\u00e7as. E nas cobran\u00e7as seguintes, o CSA perdeu com Vitor Costa, enquanto o Remo acertou com Wallace. No geral das penalidades: 6 a 5.<\/p>\n<p>Al\u00e9m da vaga na terceira fase da competi\u00e7\u00e3o, o Remo vai embolsar a cota de R$ 1,7 milh\u00e3o por ter avan\u00e7ado de fase. E o pr\u00f3ximo advers\u00e1rio do time paraense na competi\u00e7\u00e3o ser\u00e1 conhecido ap\u00f3s a realiza\u00e7\u00e3o de um sorteio pela CBF. Vale lembrar que nesta 3\u00aa fase os confrontos ser\u00e3o disputados em jogos de ida e volta.<\/p>\n<p>Agora fora da Copa do Brasil, o CSA volta as aten\u00e7\u00f5es para o Nordest\u00e3o. No s\u00e1bado (17), j\u00e1 volta a campo, contra o Fortaleza, no Castel\u00e3o, \u00e0s 16h. E o Remo tem jogo pelo Paraense, no domingo (18), no Zinho de Oliveira, \u00e0s 16h, contra o \u00c1guia de Marab\u00e1.<\/p>\n<p>&nbsp;<\/p>\n<p><strong>Fonte: Gazetaweb<\/strong><\/p>\n<p>&nbsp;<\/p>\n","protected":false},"excerpt":{"rendered":"<p>O CSA perdeu para o Remo, nos p\u00eanaltis, por 6 a 5, e foi eliminado da Copa do Brasil, em jogo na noite desta ter\u00e7a-feira (13), no Est\u00e1dio Rei Pel\u00e9, v\u00e1lido pela 2\u00aa fase da competi\u00e7\u00e3o. O gol do Azul\u00e3o foi marcado por Dellatorre, no 1\u00ba tempo; e o Remo empatou com Anderson Uch\u00f4a, na &hellip;<\/p>\n","protected":false},"author":1,"featured_media":14729,"comment_status":"closed","ping_status":"closed","sticky":false,"template":"","format":"standard","meta":{"_jetpack_newsletter_access":"","_jetpack_dont_email_post_to_subs":false,"_jetpack_newsletter_tier_id":0,"_jetpack_memberships_contains_paywalled_content":false,"_jetpack_memberships_contains_paid_content":false,"footnotes":""},"categories":[1],"tags":[],"class_list":["post-14728","post","type-post","status-publish","format-standard","has-post-thumbnail","hentry","category-destaque"],"jetpack_sharing_enabled":true,"jetpack_featured_media_url":"","_links":{"self":[{"href":"https:\/\/www.oparanews.com.br\/index.php\/wp-json\/wp\/v2\/posts\/14728","targetHints":{"allow":["GET"]}}],"collection":[{"href":"https:\/\/www.oparanews.com.br\/index.php\/wp-json\/wp\/v2\/posts"}],"about":[{"href":"https:\/\/www.oparanews.com.br\/index.php\/wp-json\/wp\/v2\/types\/post"}],"author":[{"embeddable":true,"href":"https:\/\/www.oparanews.com.br\/index.php\/wp-json\/wp\/v2\/users\/1"}],"replies":[{"embeddable":true,"href":"https:\/\/www.oparanews.com.br\/index.php\/wp-json\/wp\/v2\/comments?post=14728"}],"version-history":[{"count":0,"href":"https:\/\/www.oparanews.com.br\/index.php\/wp-json\/wp\/v2\/posts\/14728\/revisions"}],"wp:attachment":[{"href":"https:\/\/www.oparanews.com.br\/index.php\/wp-json\/wp\/v2\/media?parent=14728"}],"wp:term":[{"taxonomy":"category","embeddable":true,"href":"https:\/\/www.oparanews.com.br\/index.php\/wp-json\/wp\/v2\/categories?post=14728"},{"taxonomy":"post_tag","embeddable":true,"href":"https:\/\/www.oparanews.com.br\/index.php\/wp-json\/wp\/v2\/tags?post=14728"}],"curies":[{"name":"wp","href":"https:\/\/api.w.org\/{rel}","templated":true}]}}