{"id":14734,"date":"2021-04-14T13:58:57","date_gmt":"2021-04-14T13:58:57","guid":{"rendered":"https:\/\/oparanews.com.br\/?p=14734"},"modified":"2021-04-14T13:58:57","modified_gmt":"2021-04-14T13:58:57","slug":"covid-19-os-riscos-de-nao-tomar-a-segunda-dose-da-vacina","status":"publish","type":"post","link":"https:\/\/www.oparanews.com.br\/index.php\/2021\/04\/14\/covid-19-os-riscos-de-nao-tomar-a-segunda-dose-da-vacina\/","title":{"rendered":"Covid-19: os riscos de n\u00e3o tomar a segunda dose da vacina"},"content":{"rendered":"<p>Num caf\u00e9 da manh\u00e3 com jornalistas realizado na \u00faltima ter\u00e7a-feira (13\/04) em Bras\u00edlia, o ministro da Sa\u00fade, Marcelo Queiroga, disse que mais de 1,5 milh\u00e3o de brasileiros n\u00e3o voltaram aos postos de sa\u00fade para receber a segunda dose da vacina contra a covid-19.<\/p>\n<p>De acordo com o Minist\u00e9rio da Sa\u00fade, S\u00e3o Paulo \u00e9 o estado com o pior \u00edndice, com mais de 343 mil atrasados. Na sequ\u00eancia, aparecem Bahia (148 mil) e Rio de Janeiro (143 mil).<\/p>\n<p>Queiroga disse que pretende refor\u00e7ar as campanhas para que todos completem o esquema vacinal. Para isso, vai contar com o apoio do Conselho Nacional de Secret\u00e1rios da Sa\u00fade (Conass).<\/p>\n<p>A informa\u00e7\u00e3o do ministro foi complementada pela coordenadora do Programa Nacional de Imuniza\u00e7\u00f5es (PNI), Francieli Fantinato.<\/p>\n<p>A especialista pediu que todos aqueles que tomaram a primeira dose e j\u00e1 esperaram o intervalo m\u00ednimo necess\u00e1rio retornem at\u00e9 o local de vacina\u00e7\u00e3o mais pr\u00f3ximo para completar o esquema preconizado.<\/p>\n<p>Esse intervalo, vale refor\u00e7ar, varia de acordo com o imunizante aplicado. No caso da CoronaVac, da Sinovac e Instituto Butantan, o tempo entre a primeira e a segunda dose \u00e9 de 14 a 28 dias.<\/p>\n<p>J\u00e1 na AZD1222, de AstraZeneca, Universidade de Oxford e Funda\u00e7\u00e3o Oswaldo Cruz, o per\u00edodo de espera \u00e9 de 3 meses.<\/p>\n<p>Mas quais s\u00e3o os riscos que esses 1,5 milh\u00e3o de brasileiros est\u00e3o correndo ao n\u00e3o tomarem a segunda dose?<\/p>\n<p>Resguardo duvidoso<\/p>\n<p>A maioria das vacinas contra a covid-19 testadas e j\u00e1 aprovadas necessitam de duas doses para conferir uma taxa de prote\u00e7\u00e3o aceit\u00e1vel.<\/p>\n<p>Isso vale para os produtos desenvolvidos por Pfizer, Moderna, Instituto Gamaleya e os dois que s\u00e3o usados atualmente na campanha brasileira: a CoronaVac e a AZD1222, como explicado nos par\u00e1grafos anteriores.<\/p>\n<p>Por ora, a \u00fanica exce\u00e7\u00e3o da lista \u00e9 o imunizante de Johnson e Johnson, que j\u00e1 fornece uma boa resposta com a aplica\u00e7\u00e3o de apenas uma dose.<\/p>\n<p>Esses esquemas vacinais foram avaliados e definidos nos estudos cl\u00ednicos das vacinas, que envolveram dezenas de milhares de volunt\u00e1rios e serviram para determinar a seguran\u00e7a e a efic\u00e1cia das candidatas.<\/p>\n<p>Portanto, se algu\u00e9m tomar apenas a primeira dose de CoronaVac ou AZD1222 e se esquecer da segunda, n\u00e3o estar\u00e1 devidamente protegido.<\/p>\n<p>&#8220;Os dados que temos mostram que a pessoa fica resguardada com duas doses. Se ela toma s\u00f3 uma, n\u00e3o completou o esquema e n\u00e3o est\u00e1 vacinada adequadamente&#8221;, explica a m\u00e9dica Isabella Ballalai, vice-presidente da Sociedade Brasileira de Imuniza\u00e7\u00f5es.<\/p>\n<p>Por mais que a primeira dose j\u00e1 d\u00ea um pouco de prote\u00e7\u00e3o, essa taxa n\u00e3o est\u00e1 dentro dos par\u00e2metros estabelecidos pelos especialistas e pelas institui\u00e7\u00f5es que definem as regras do setor, como a Organiza\u00e7\u00e3o Mundial da Sa\u00fade, o Minist\u00e9rio da Sa\u00fade e a Ag\u00eancia Nacional de Vigil\u00e2ncia Sanit\u00e1ria.<\/p>\n<p>Outro ponto perigoso: ao receber a primeira dose (e n\u00e3o retornar para completar o esquema vacinal), o indiv\u00edduo corre o risco de ficar com uma falsa sensa\u00e7\u00e3o de seguran\u00e7a.<\/p>\n<p>Ele pode at\u00e9 achar, de forma absolutamente equivocada, que j\u00e1 est\u00e1 imune ao coronav\u00edrus e seguir a vida normalmente, sem os cuidados b\u00e1sicos contra a covid-19.<\/p>\n<p>As recomenda\u00e7\u00f5es, por\u00e9m, continuam as mesmas para quem recebeu duas, uma ou nenhuma dose de vacina: todos precisam manter distanciamento f\u00edsico, usar m\u00e1scaras, lavar as m\u00e3os e cuidar da circula\u00e7\u00e3o de ar nos ambientes.<\/p>\n<p><strong>Come\u00e7ar de novo?<\/strong><\/p>\n<p>Ainda n\u00e3o se sabe ao certo como fica a situa\u00e7\u00e3o de quem n\u00e3o completou as duas doses: esses indiv\u00edduos precisam recome\u00e7ar o esquema vacinal do zero ou podem tomar a segunda a qualquer momento?<\/p>\n<p>Isso vai depender do tempo de atraso, especulam os especialistas.<\/p>\n<p>&#8220;Se o prazo para receber a segunda dose passou demais, pode ser necess\u00e1rio recome\u00e7ar o regime vacinal, pois todos os dados de efic\u00e1cia que temos s\u00e3o baseados num protocolo. Se fugirmos disso, n\u00e3o temos como garantir a imuniza\u00e7\u00e3o&#8221;, diz a imunologista Cristina Bonorino, professora titular da Universidade Federal de Ci\u00eancias da Sa\u00fade de Porto Alegre.<\/p>\n<p>Num cen\u00e1rio de escassez de vacinas, isso pode comprometer ainda mais nossos estoques e deixar na m\u00e3o um monte de gente que ainda precisa se imunizar.<\/p>\n<p>Em todo caso, vale seguir a recomenda\u00e7\u00e3o do Minist\u00e9rio da Sa\u00fade e visitar o posto de vacina\u00e7\u00e3o mais pr\u00f3ximo de sua casa o quanto antes para completar a prote\u00e7\u00e3o contra a covid-19.<\/p>\n<p>&#8220;As pessoas n\u00e3o devem atrasar, mas, se porventura tiverem algum imprevisto, \u00e9 importante receber a segunda dose assim que poss\u00edvel para obter uma boa resposta imune&#8221;, refor\u00e7a Ballalai.<\/p>\n<p>Bonorino, que tamb\u00e9m integra a Sociedade Brasileira de Imunologia, acredita que o governo deveria investir em campanhas de comunica\u00e7\u00e3o para conscientizar as pessoas sobre a necessidade de seguir direitinho os protocolos de imuniza\u00e7\u00e3o do pa\u00eds.<\/p>\n<p>&#8220;Precisamos dessas informa\u00e7\u00f5es sendo veiculadas na televis\u00e3o, nas redes sociais e em todos os meios, para que a popula\u00e7\u00e3o n\u00e3o se esque\u00e7a de tomar a segunda dose da vacina nas datas indicadas&#8221;, destaca.<\/p>\n<p>E \u00e9 importante lembrar que a primeira e a segunda dose devem ser do mesmo fabricante, sem nunca misturar os produtos: tem que come\u00e7ar e terminar com a CoronaVac ou com a AZD1222.<\/p>\n<p>De acordo com as \u00faltimas informa\u00e7\u00f5es do Minist\u00e9rio da Sa\u00fade, at\u00e9 o momento o Brasil vacinou um total de 27 milh\u00f5es de pessoas contra a covid-19.<\/p>\n<p>O n\u00famero corresponde a pouco mais de 12% da popula\u00e7\u00e3o do pa\u00eds.<\/p>\n<p>&nbsp;<\/p>\n<p><strong>Fonte: Terra<\/strong><\/p>\n<p>&nbsp;<\/p>\n","protected":false},"excerpt":{"rendered":"<p>Num caf\u00e9 da manh\u00e3 com jornalistas realizado na \u00faltima ter\u00e7a-feira (13\/04) em Bras\u00edlia, o ministro da Sa\u00fade, Marcelo Queiroga, disse que mais de 1,5 milh\u00e3o de brasileiros n\u00e3o voltaram aos postos de sa\u00fade para receber a segunda dose da vacina contra a covid-19. De acordo com o Minist\u00e9rio da Sa\u00fade, S\u00e3o Paulo \u00e9 o estado &hellip;<\/p>\n","protected":false},"author":1,"featured_media":14736,"comment_status":"closed","ping_status":"closed","sticky":false,"template":"","format":"standard","meta":{"_jetpack_newsletter_access":"","_jetpack_dont_email_post_to_subs":false,"_jetpack_newsletter_tier_id":0,"_jetpack_memberships_contains_paywalled_content":false,"_jetpack_memberships_contains_paid_content":false,"footnotes":""},"categories":[1],"tags":[],"class_list":["post-14734","post","type-post","status-publish","format-standard","has-post-thumbnail","hentry","category-destaque"],"jetpack_sharing_enabled":true,"jetpack_featured_media_url":"","_links":{"self":[{"href":"https:\/\/www.oparanews.com.br\/index.php\/wp-json\/wp\/v2\/posts\/14734","targetHints":{"allow":["GET"]}}],"collection":[{"href":"https:\/\/www.oparanews.com.br\/index.php\/wp-json\/wp\/v2\/posts"}],"about":[{"href":"https:\/\/www.oparanews.com.br\/index.php\/wp-json\/wp\/v2\/types\/post"}],"author":[{"embeddable":true,"href":"https:\/\/www.oparanews.com.br\/index.php\/wp-json\/wp\/v2\/users\/1"}],"replies":[{"embeddable":true,"href":"https:\/\/www.oparanews.com.br\/index.php\/wp-json\/wp\/v2\/comments?post=14734"}],"version-history":[{"count":0,"href":"https:\/\/www.oparanews.com.br\/index.php\/wp-json\/wp\/v2\/posts\/14734\/revisions"}],"wp:attachment":[{"href":"https:\/\/www.oparanews.com.br\/index.php\/wp-json\/wp\/v2\/media?parent=14734"}],"wp:term":[{"taxonomy":"category","embeddable":true,"href":"https:\/\/www.oparanews.com.br\/index.php\/wp-json\/wp\/v2\/categories?post=14734"},{"taxonomy":"post_tag","embeddable":true,"href":"https:\/\/www.oparanews.com.br\/index.php\/wp-json\/wp\/v2\/tags?post=14734"}],"curies":[{"name":"wp","href":"https:\/\/api.w.org\/{rel}","templated":true}]}}