{"id":14741,"date":"2021-04-14T14:05:22","date_gmt":"2021-04-14T14:05:22","guid":{"rendered":"https:\/\/oparanews.com.br\/?p=14741"},"modified":"2021-04-14T14:05:22","modified_gmt":"2021-04-14T14:05:22","slug":"luciana-gimenez-apresenta-queixa-crime-contra-kajuru","status":"publish","type":"post","link":"https:\/\/www.oparanews.com.br\/index.php\/2021\/04\/14\/luciana-gimenez-apresenta-queixa-crime-contra-kajuru\/","title":{"rendered":"Luciana Gimenez apresenta queixa-crime contra Kajuru"},"content":{"rendered":"<p>Representantes jur\u00eddicos de Luciana Gimenez protocolaram no STF (Supremo Tribunal Federal) uma queixa-crime contra o senador Jorge Kajuru (Cidadania-GO), ap\u00f3s a apresentador ter sido ofendida e chamada de garota de programa pelo pol\u00edtico apoiador do atual governo.<\/p>\n<p>Em entrevista para a atriz Antonia Fontenelle, Kajuru se referiu \u00e0 Luciana como \u201cgarota de programa\u201d, \u201cmulher desqualificada\u201d e \u201cmulher de interesse\u201d, se referindo aos relacionamentos que ela teve no passado, com Mick Jagger e, posteriormente, com o casamento com o empres\u00e1rio Marcelo de Carvalho.<\/p>\n<p>\u201cDiante desse panorama, \u00e9 ineg\u00e1vel que tais alega\u00e7\u00f5es maculam de maneira patente a honra, ao bom nome e imagem que Luciana Gimenez arduamente construiu ao longo da sua trajet\u00f3ria, estando perfeitamente configurados os crimes de difama\u00e7\u00e3o e inj\u00faria perpetrados em seu desfavor\u201d, disse a defesa de Luciana Gimenez. As informa\u00e7\u00f5es s\u00e3o do jornalista Ancelmo Gois, do jornal O Globo.<\/p>\n<p>A apresentadora da RedeTV! acusa Kajuru por praticar crimes contra sua honra em oito oportunidades \u2013 seis casos de inj\u00faria e dois de difama\u00e7\u00e3o, e pede a pena m\u00e1xima pelos crimes: quatro anos de pris\u00e3o.<\/p>\n<p>Em uma live no final de mar\u00e7o, o senador detonou Luciana Gimenez, a quem chamou de garota de programa. \u201cSobre a Luciana Gimenez, eu n\u00e3o tenho nada a falar. N\u00e3o falo sobre mulher de programa\u201d, disparou o pol\u00edtico.<\/p>\n<p>\u201cKajuru, estamos ao vivo! N\u00e3o me mata do cora\u00e7\u00e3o!\u201d, implorou Fontenelle. \u201cDane-se. Ela j\u00e1 me processou, pode processar de novo. \u00c9 uma mulher desqualificada\u201d, continuou. \u201cAi meu Deus!\u201d, reagiu a apresentadora.<\/p>\n<p>\u201cTanto que virou o que virou por 30 segundos com o Mick Jagger. Ou voc\u00ea acha que foi por amor?\u201d, questionou Kajuru. \u201cE ela sabe que eu sei da hist\u00f3ria toda. Ela foi contratada para ficar com o Mick Jagger\u201d, surpreendeu.<\/p>\n<p>\u201cEu falei isso mesmo porque para mim ela n\u00e3o tinha respeito com os colegas. Eu trabalhei com ela na RedeTV!. Ela chegava como se fosse dona. Depois acabou se casando com um dos s\u00f3cios da RedeTV!, para voc\u00ea ver que a vida dela sempre foi de interesse\u201d, atacou.<\/p>\n<p>&nbsp;<\/p>\n<p><strong>Fonte: RD1<\/strong><\/p>\n<p>&nbsp;<\/p>\n","protected":false},"excerpt":{"rendered":"<p>Representantes jur\u00eddicos de Luciana Gimenez protocolaram no STF (Supremo Tribunal Federal) uma queixa-crime contra o senador Jorge Kajuru (Cidadania-GO), ap\u00f3s a apresentador ter sido ofendida e chamada de garota de programa pelo pol\u00edtico apoiador do atual governo. Em entrevista para a atriz Antonia Fontenelle, Kajuru se referiu \u00e0 Luciana como \u201cgarota de programa\u201d, \u201cmulher desqualificada\u201d &hellip;<\/p>\n","protected":false},"author":1,"featured_media":14742,"comment_status":"closed","ping_status":"closed","sticky":false,"template":"","format":"standard","meta":{"_jetpack_newsletter_access":"","_jetpack_dont_email_post_to_subs":false,"_jetpack_newsletter_tier_id":0,"_jetpack_memberships_contains_paywalled_content":false,"_jetpack_memberships_contains_paid_content":false,"footnotes":""},"categories":[1],"tags":[],"class_list":["post-14741","post","type-post","status-publish","format-standard","has-post-thumbnail","hentry","category-destaque"],"jetpack_sharing_enabled":true,"jetpack_featured_media_url":"","_links":{"self":[{"href":"https:\/\/www.oparanews.com.br\/index.php\/wp-json\/wp\/v2\/posts\/14741","targetHints":{"allow":["GET"]}}],"collection":[{"href":"https:\/\/www.oparanews.com.br\/index.php\/wp-json\/wp\/v2\/posts"}],"about":[{"href":"https:\/\/www.oparanews.com.br\/index.php\/wp-json\/wp\/v2\/types\/post"}],"author":[{"embeddable":true,"href":"https:\/\/www.oparanews.com.br\/index.php\/wp-json\/wp\/v2\/users\/1"}],"replies":[{"embeddable":true,"href":"https:\/\/www.oparanews.com.br\/index.php\/wp-json\/wp\/v2\/comments?post=14741"}],"version-history":[{"count":0,"href":"https:\/\/www.oparanews.com.br\/index.php\/wp-json\/wp\/v2\/posts\/14741\/revisions"}],"wp:attachment":[{"href":"https:\/\/www.oparanews.com.br\/index.php\/wp-json\/wp\/v2\/media?parent=14741"}],"wp:term":[{"taxonomy":"category","embeddable":true,"href":"https:\/\/www.oparanews.com.br\/index.php\/wp-json\/wp\/v2\/categories?post=14741"},{"taxonomy":"post_tag","embeddable":true,"href":"https:\/\/www.oparanews.com.br\/index.php\/wp-json\/wp\/v2\/tags?post=14741"}],"curies":[{"name":"wp","href":"https:\/\/api.w.org\/{rel}","templated":true}]}}