{"id":14744,"date":"2021-04-14T14:09:42","date_gmt":"2021-04-14T14:09:42","guid":{"rendered":"https:\/\/oparanews.com.br\/?p=14744"},"modified":"2021-04-14T14:09:42","modified_gmt":"2021-04-14T14:09:42","slug":"caminhao-carregado-com-melancias-capota-na-al-101-sul","status":"publish","type":"post","link":"https:\/\/www.oparanews.com.br\/index.php\/2021\/04\/14\/caminhao-carregado-com-melancias-capota-na-al-101-sul\/","title":{"rendered":"Caminh\u00e3o carregado com melancias capota na AL-101 Sul"},"content":{"rendered":"<p>Um caminh\u00e3o carregado com melancias capotou na AL-101, no Povoado Lagoa Azeda, em Jequi\u00e1 da Praia. Duas pessoas tiveram ferimentos leves.<\/p>\n<p>O condutor disse aos militares do Batalh\u00e3o de Pol\u00edcia Rodovi\u00e1rio (BPRv) que seguia no sentido Roteiro, quando perdeu o controle do ve\u00edculo em uma curva, saiu da pista e capotou na rodovia.<\/p>\n<p>O motorista e o passageiro tiveram ferimentos leves. A carga ficou espalhada na pista.<\/p>\n<p>&nbsp;<\/p>\n<p><strong>Fonte: G1\/AL<\/strong><\/p>\n<p>&nbsp;<\/p>\n","protected":false},"excerpt":{"rendered":"<p>Um caminh\u00e3o carregado com melancias capotou na AL-101, no Povoado Lagoa Azeda, em Jequi\u00e1 da Praia. Duas pessoas tiveram ferimentos leves. O condutor disse aos militares do Batalh\u00e3o de Pol\u00edcia Rodovi\u00e1rio (BPRv) que seguia no sentido Roteiro, quando perdeu o controle do ve\u00edculo em uma curva, saiu da pista e capotou na rodovia. O motorista &hellip;<\/p>\n","protected":false},"author":1,"featured_media":14745,"comment_status":"closed","ping_status":"closed","sticky":false,"template":"","format":"standard","meta":{"_jetpack_newsletter_access":"","_jetpack_dont_email_post_to_subs":false,"_jetpack_newsletter_tier_id":0,"_jetpack_memberships_contains_paywalled_content":false,"_jetpack_memberships_contains_paid_content":false,"footnotes":""},"categories":[1],"tags":[],"class_list":["post-14744","post","type-post","status-publish","format-standard","has-post-thumbnail","hentry","category-destaque"],"jetpack_sharing_enabled":true,"jetpack_featured_media_url":"","_links":{"self":[{"href":"https:\/\/www.oparanews.com.br\/index.php\/wp-json\/wp\/v2\/posts\/14744","targetHints":{"allow":["GET"]}}],"collection":[{"href":"https:\/\/www.oparanews.com.br\/index.php\/wp-json\/wp\/v2\/posts"}],"about":[{"href":"https:\/\/www.oparanews.com.br\/index.php\/wp-json\/wp\/v2\/types\/post"}],"author":[{"embeddable":true,"href":"https:\/\/www.oparanews.com.br\/index.php\/wp-json\/wp\/v2\/users\/1"}],"replies":[{"embeddable":true,"href":"https:\/\/www.oparanews.com.br\/index.php\/wp-json\/wp\/v2\/comments?post=14744"}],"version-history":[{"count":0,"href":"https:\/\/www.oparanews.com.br\/index.php\/wp-json\/wp\/v2\/posts\/14744\/revisions"}],"wp:attachment":[{"href":"https:\/\/www.oparanews.com.br\/index.php\/wp-json\/wp\/v2\/media?parent=14744"}],"wp:term":[{"taxonomy":"category","embeddable":true,"href":"https:\/\/www.oparanews.com.br\/index.php\/wp-json\/wp\/v2\/categories?post=14744"},{"taxonomy":"post_tag","embeddable":true,"href":"https:\/\/www.oparanews.com.br\/index.php\/wp-json\/wp\/v2\/tags?post=14744"}],"curies":[{"name":"wp","href":"https:\/\/api.w.org\/{rel}","templated":true}]}}