{"id":14753,"date":"2021-04-15T00:14:21","date_gmt":"2021-04-15T00:14:21","guid":{"rendered":"https:\/\/oparanews.com.br\/?p=14753"},"modified":"2021-04-15T00:14:21","modified_gmt":"2021-04-15T00:14:21","slug":"moradores-da-zona-rural-de-penedo-sao-transportados-para-receber-vacina-contra-covid-19","status":"publish","type":"post","link":"https:\/\/www.oparanews.com.br\/index.php\/2021\/04\/15\/moradores-da-zona-rural-de-penedo-sao-transportados-para-receber-vacina-contra-covid-19\/","title":{"rendered":"Moradores da zona rural de Penedo s\u00e3o transportados para receber vacina contra Covid-19"},"content":{"rendered":"<p>A aposentada Maria Jos\u00e9 dos Santos mora na zona rural de Penedo, na comunidade S\u00edtio Naz\u00e1rio. Nesta quarta-feira, 14, ela recebeu a primeira dose da vacina contra Covid-19, sem precisar caminhar \u00e0 exaust\u00e3o e nem pagar para ir at\u00e9 a cidade.<\/p>\n<p>Maria Jos\u00e9 tem 64 anos e chegou na Central de Vacina\u00e7\u00e3o junto com moradores do povoado Capela, todos com 60 anos ou mais, em transporte disponibilizado pela Prefeitura de Penedo para atender quem reside longe da \u00e1rea urbana do munic\u00edpio.<\/p>\n<p>\u201cPra chegar em Penedo, eu preciso caminhar da minha casa at\u00e9 o rio, atravessar num barco, e fazer outra caminhada at\u00e9 chegar na estrada e depois na pista, \u00e9 longe\u201d, disse a aposentada sobre os doze quil\u00f4metros que separam sua morada da cidade.<\/p>\n<p>Al\u00e9m de Maria Jos\u00e9, dezenas de pessoas idosas da zona rural de Penedo tiveram acesso \u00e0 imuniza\u00e7\u00e3o contra o coronav\u00edrus, todas com transporte disponibilizado pelo governo Crescendo Com Seu Povo.<\/p>\n<p>Todas as pessoas enquadradas no grupo priorit\u00e1rio s\u00e3o informadas do transporte por meio do agente comunit\u00e1rio de sa\u00fade. Para ter acesso, basta se dirigir at\u00e9 a unidade de sa\u00fade da localidade para embarcar com destino a Penedo.<\/p>\n<p>Odilon Dantas, 70 anos, e Jos\u00e9 Felix dos Santos, 83 anos \u2013 mais conhecido como Dezinho \u2013 tamb\u00e9m estiveram hoje na Central de Vacina\u00e7\u00e3o. Os dois residem no povoado Palmeira Alta, distante cerca de 40 km da cidade, e s\u00e3o agricultores com condi\u00e7\u00f5es de pagar um transporte que os levaria at\u00e9 a Central de Vacina\u00e7\u00e3o, mas optaram por viajar no \u00f4nibus amarelinho da Secretaria Municipal de Educa\u00e7\u00e3o.<\/p>\n<p>Com as aulas presenciais suspensas, parte da frota do transporte escolar da SEMED tem sido utilizada para viabilizar o acesso \u00e0 imuniza\u00e7\u00e3o contra a doen\u00e7a com mais de 358 mil \u00f3bitos registrados no Brasil at\u00e9 hoje.<\/p>\n<p>At\u00e9 quem mora mais pr\u00f3ximo, preferiu a facilidade do transporte feito sem lota\u00e7\u00e3o completa, conforme determina o protocolo atual da situa\u00e7\u00e3o de emerg\u00eancia sanit\u00e1ria. Francisco do Ros\u00e1rio mora no 1\u00ba N\u00facleo da Cooperativa, comunidade que tornou-se praticamente um bairro de Penedo devido \u00e0 facilidade de acesso, inclusive por pista asfaltada, e por conta da constru\u00e7\u00e3o de conjuntos residenciais.<\/p>\n<p>\u201cEu podia ter vindo de bicicleta, mas com esse tempo de chuva achei melhor n\u00e3o arriscar e vim com o pessoal no \u00f4nibus\u201d, explica o integrante da banda de p\u00edfanos Santo Ant\u00f4nio, agradecendo a oportunidade de receber a primeira dose da vacina contra Covid-19.<\/p>\n<p>Nesta quinta-feira, 15, a gest\u00e3o Crescendo Com Seu Povo amplia a assist\u00eancia para idosos com 60 anos de idade ou mais residentes na comunidade remanescente quilombola Tabuleiro dos Negros e povoado Santa Margarida.<\/p>\n<p>&nbsp;<\/p>\n<p><strong>por Fernando Vin\u00edcius \u2013 Decom PMP<\/strong><\/p>\n<p>&nbsp;<\/p>\n","protected":false},"excerpt":{"rendered":"<p>A aposentada Maria Jos\u00e9 dos Santos mora na zona rural de Penedo, na comunidade S\u00edtio Naz\u00e1rio. Nesta quarta-feira, 14, ela recebeu a primeira dose da vacina contra Covid-19, sem precisar caminhar \u00e0 exaust\u00e3o e nem pagar para ir at\u00e9 a cidade. Maria Jos\u00e9 tem 64 anos e chegou na Central de Vacina\u00e7\u00e3o junto com moradores &hellip;<\/p>\n","protected":false},"author":1,"featured_media":14754,"comment_status":"closed","ping_status":"closed","sticky":false,"template":"","format":"standard","meta":{"_jetpack_newsletter_access":"","_jetpack_dont_email_post_to_subs":false,"_jetpack_newsletter_tier_id":0,"_jetpack_memberships_contains_paywalled_content":false,"_jetpack_memberships_contains_paid_content":false,"footnotes":""},"categories":[1],"tags":[],"class_list":["post-14753","post","type-post","status-publish","format-standard","has-post-thumbnail","hentry","category-destaque"],"jetpack_sharing_enabled":true,"jetpack_featured_media_url":"","_links":{"self":[{"href":"https:\/\/www.oparanews.com.br\/index.php\/wp-json\/wp\/v2\/posts\/14753","targetHints":{"allow":["GET"]}}],"collection":[{"href":"https:\/\/www.oparanews.com.br\/index.php\/wp-json\/wp\/v2\/posts"}],"about":[{"href":"https:\/\/www.oparanews.com.br\/index.php\/wp-json\/wp\/v2\/types\/post"}],"author":[{"embeddable":true,"href":"https:\/\/www.oparanews.com.br\/index.php\/wp-json\/wp\/v2\/users\/1"}],"replies":[{"embeddable":true,"href":"https:\/\/www.oparanews.com.br\/index.php\/wp-json\/wp\/v2\/comments?post=14753"}],"version-history":[{"count":0,"href":"https:\/\/www.oparanews.com.br\/index.php\/wp-json\/wp\/v2\/posts\/14753\/revisions"}],"wp:attachment":[{"href":"https:\/\/www.oparanews.com.br\/index.php\/wp-json\/wp\/v2\/media?parent=14753"}],"wp:term":[{"taxonomy":"category","embeddable":true,"href":"https:\/\/www.oparanews.com.br\/index.php\/wp-json\/wp\/v2\/categories?post=14753"},{"taxonomy":"post_tag","embeddable":true,"href":"https:\/\/www.oparanews.com.br\/index.php\/wp-json\/wp\/v2\/tags?post=14753"}],"curies":[{"name":"wp","href":"https:\/\/api.w.org\/{rel}","templated":true}]}}