{"id":14759,"date":"2021-04-15T00:23:12","date_gmt":"2021-04-15T00:23:12","guid":{"rendered":"https:\/\/oparanews.com.br\/?p=14759"},"modified":"2021-04-15T00:23:12","modified_gmt":"2021-04-15T00:23:12","slug":"stf-confirma-decisao-e-mantem-instalacao-da-cpi-da-covid","status":"publish","type":"post","link":"https:\/\/www.oparanews.com.br\/index.php\/2021\/04\/15\/stf-confirma-decisao-e-mantem-instalacao-da-cpi-da-covid\/","title":{"rendered":"STF confirma decis\u00e3o e mant\u00e9m instala\u00e7\u00e3o da CPI da Covid"},"content":{"rendered":"<p>Os ministros do Supremo Tribunal Federal (STF) decidiram nesta quarta-feira confirmar a liminar dada pelo ministro da corte Lu\u00eds Roberto Barroso de obrigar o Senado a instalar a CPI da Covid para investigar as a\u00e7\u00f5es do governo Jair Bolsonaro no enfrentamento da pandemia de coronav\u00edrus.<\/p>\n<p>Em um r\u00e1pido julgamento, segundo a posi\u00e7\u00e3o vencedora adotada por 10 votos a 1, caber\u00e1 ao Senado definir a forma como vai proceder para o funcionamento da comiss\u00e3o de inqu\u00e9rito, se por videoconfer\u00eancia, presencial ou semipresencial. N\u00e3o pode a Casa, entretanto, avaliar se e quando deve instalar o colegiado.<\/p>\n<p>Barroso acatou pedido de senadores de oposi\u00e7\u00e3o para determinar ao presidente do Senado, Rodrigo Pacheco (DEM-MG), que instalasse a comiss\u00e3o de inqu\u00e9rito.<\/p>\n<p>Mesmo com os requisitos para cri\u00e1-la cumpridos, Pacheco vinha adiando a instala\u00e7\u00e3o com o argumento de que o momento n\u00e3o era oportuno. O pa\u00eds passa o pior momento da pandemia com recentes recordes de mortes e casos, demora na vacina\u00e7\u00e3o e colapso nos sistemas de sa\u00fade.<\/p>\n<p>Na ter\u00e7a, Pacheco decidiu abrir a CPI da Covid, mas ampliou o escopo da linha da investiga\u00e7\u00e3o para que tamb\u00e9m fosse investigado, al\u00e9m das a\u00e7\u00f5es do governo Bolsonaro, o uso de verbas federais por Estados e munic\u00edpios no enfrentamento da pandemia.<\/p>\n<p>Durante o julgamento, os ministros do STF n\u00e3o se pronunciaram sobre a decis\u00e3o de Pacheco de alargar a abrang\u00eancia da comiss\u00e3o de inqu\u00e9rito.<\/p>\n<p>&nbsp;<\/p>\n<p><strong>Fonte: Terra<\/strong><\/p>\n<p>&nbsp;<\/p>\n","protected":false},"excerpt":{"rendered":"<p>Os ministros do Supremo Tribunal Federal (STF) decidiram nesta quarta-feira confirmar a liminar dada pelo ministro da corte Lu\u00eds Roberto Barroso de obrigar o Senado a instalar a CPI da Covid para investigar as a\u00e7\u00f5es do governo Jair Bolsonaro no enfrentamento da pandemia de coronav\u00edrus. Em um r\u00e1pido julgamento, segundo a posi\u00e7\u00e3o vencedora adotada por &hellip;<\/p>\n","protected":false},"author":1,"featured_media":14760,"comment_status":"closed","ping_status":"closed","sticky":false,"template":"","format":"standard","meta":{"_jetpack_newsletter_access":"","_jetpack_dont_email_post_to_subs":false,"_jetpack_newsletter_tier_id":0,"_jetpack_memberships_contains_paywalled_content":false,"_jetpack_memberships_contains_paid_content":false,"footnotes":""},"categories":[1],"tags":[],"class_list":["post-14759","post","type-post","status-publish","format-standard","has-post-thumbnail","hentry","category-destaque"],"jetpack_sharing_enabled":true,"jetpack_featured_media_url":"","_links":{"self":[{"href":"https:\/\/www.oparanews.com.br\/index.php\/wp-json\/wp\/v2\/posts\/14759","targetHints":{"allow":["GET"]}}],"collection":[{"href":"https:\/\/www.oparanews.com.br\/index.php\/wp-json\/wp\/v2\/posts"}],"about":[{"href":"https:\/\/www.oparanews.com.br\/index.php\/wp-json\/wp\/v2\/types\/post"}],"author":[{"embeddable":true,"href":"https:\/\/www.oparanews.com.br\/index.php\/wp-json\/wp\/v2\/users\/1"}],"replies":[{"embeddable":true,"href":"https:\/\/www.oparanews.com.br\/index.php\/wp-json\/wp\/v2\/comments?post=14759"}],"version-history":[{"count":0,"href":"https:\/\/www.oparanews.com.br\/index.php\/wp-json\/wp\/v2\/posts\/14759\/revisions"}],"wp:attachment":[{"href":"https:\/\/www.oparanews.com.br\/index.php\/wp-json\/wp\/v2\/media?parent=14759"}],"wp:term":[{"taxonomy":"category","embeddable":true,"href":"https:\/\/www.oparanews.com.br\/index.php\/wp-json\/wp\/v2\/categories?post=14759"},{"taxonomy":"post_tag","embeddable":true,"href":"https:\/\/www.oparanews.com.br\/index.php\/wp-json\/wp\/v2\/tags?post=14759"}],"curies":[{"name":"wp","href":"https:\/\/api.w.org\/{rel}","templated":true}]}}