{"id":14765,"date":"2021-04-15T12:52:23","date_gmt":"2021-04-15T12:52:23","guid":{"rendered":"https:\/\/oparanews.com.br\/?p=14765"},"modified":"2021-04-15T12:52:23","modified_gmt":"2021-04-15T12:52:23","slug":"palmeiras-perde-recopa-para-o-defensa-y-justicia","status":"publish","type":"post","link":"https:\/\/www.oparanews.com.br\/index.php\/2021\/04\/15\/palmeiras-perde-recopa-para-o-defensa-y-justicia\/","title":{"rendered":"Palmeiras perde Recopa para o Defensa y Justicia"},"content":{"rendered":"<p>Com emo\u00e7\u00e3o, o Defensa y Justicia \u00e9 campe\u00e3o da Recopa Sul-Americana! A equipe comandada por Sebasti\u00e1n Beccacece marcou nos minutos finais, venceu o Palmeiras por 2 a 1 no tempo normal e superou os brasileiros nas penalidades por 4 a 3. Raphael Veiga marcou para os brasileiros. Brian Romero e Ben\u00edtez fizeram para os argentinos. O placar agregado ficou 3 a 3.<\/p>\n<p>O Defensa, atual campe\u00e3o da Copa Sul-Americana, conquista mais um t\u00edtulo continental e se coloca de vez como uma das equipes argentinas mais perigosas atualmente. O Palmeiras perde o segundo t\u00edtulo em quatro dias, e ir\u00e1 reencontrar Beccacece na fase de grupos da Libertadores.<\/p>\n<p><strong>Palmeiras aproveita tens\u00e3o<\/strong><\/p>\n<p>Com a desvantagem no jogo de ida, o Defensa y Justicia come\u00e7ou pressionado o Palmeiras. Os visitantes reclamaram de um toque de m\u00e3o de Luan, e tiveram boa chance de gol, mas Walter Bou n\u00e3o conseguiu completar o cruzamento de Romero.<\/p>\n<p>A partida estava truncada, com ambas equipes reclamando pela omiss\u00e3o do \u00e1rbitro em marcar faltas e dar cart\u00e3o. A equipe da casa aproveitou o momento e abriu o placar.<\/p>\n<p>Raphael Veiga roubou no meio e lan\u00e7ou Rony. O camisa 7 correu em dire\u00e7\u00e3o ao gol mas foi derrubado. Julio Bascu\u00f1an, respons\u00e1vel pelo VAR, recomendou a revis\u00e3o e Leodan Gonzalez foi ao monitor. Ap\u00f3s a consulta, ele assinalou p\u00eanalti e Veiga converteu a cobran\u00e7a.<\/p>\n<p><strong>Resposta r\u00e1pida dos argentinos<\/strong><\/p>\n<p>A vantagem palmeirense durou oito minutos. Isso porque o Defensa y Justicia n\u00e3o abaixou a intensidade e chegou ao empate pelo lado direito do ataque.<\/p>\n<p>Pizzini se movimentou entre os volantes do Palmeiras e recebe na \u00e1rea, por tr\u00e1s de G\u00f3mez. Ele cruzou rasteiro e Braian Romero chego batend forte, deixando tudo igual.<\/p>\n<p><strong>Duelo de goleiros na segunda etapa<\/strong><\/p>\n<p>As equipes voltaram com a mesma aptid\u00e3o para a segunda etapa. Com menos de 10 minutos, o Palmeiras teve chance com Rony. O Defensa y Justicia contava com os bons passes de Pizzini para municiar os atacantes.<\/p>\n<p>Aos 6, o meia deixou Romero cara a cara com Weverton, mas o arqueiro fechou o \u00e2ngulo e fez nova defesa. O camisa 21 do Verd\u00e3o estava atento, e evitou a tentativa de Ben\u00edtez em marcar gol ol\u00edmpico, aos 10 minutos.<\/p>\n<p>Se o goleiro palmeirense brilhava de um lado, Ulsa\u00edn n\u00e3o decepciona do outro. O arqueiro do Defensa fez \u00f3tima defesa em chute forte de Rony, ap\u00f3s bom passe de Patrick de Paula.<\/p>\n<p><strong>Expuls\u00e3o muda o jogo e Defensa faz o inimagin\u00e1vel<\/strong><\/p>\n<p>A partida mudou de rumo aos 20 minutos do segundo tempo. Fr\u00edas e Mat\u00edas Vi\u00f1a se derubaram e o \u00e1rbitro deu falta do argentino. Novamente, Julio Bascu\u00f1an recomendou ao juiz ir ao monitor, e Leodan mudou a decis\u00e3o, dando falta para o Defensa e expulsando o lateral uruguaio.<\/p>\n<p>Com um a mais e restando 15 minutos, a equipe argentina se lan\u00e7ou ao ataque e pressionou o Palmeiras, que mudou o esquema t\u00e1tico para se defender. A estrat\u00e9gia de Abel Ferreira n\u00e3o funcionou, pois aos 47 minutos, Ben\u00edtez acertou um potente chute de fora da \u00e1rea, igualando a partida no placar agregado.<\/p>\n<p><strong>Cenas lament\u00e1veis, p\u00eanalti perdido e drama na prorroga\u00e7\u00e3o<\/strong><\/p>\n<p>O tempo extra come\u00e7ou quente, com o goleiro Ulsa\u00edn derrubando Rony dentro da \u00e1rea. O \u00e1rbitro foi ao monitor pela terceira vez e deu p\u00eanalti. A decis\u00e3o deixou o banco da equipe argentina enfurecida, e uma confus\u00e3o se instaurou no Man\u00e9 Garrincha.<\/p>\n<p>Romero acabou sendo expulso, e Gustavo G\u00f3mez foi infeliz na cobran\u00e7a de p\u00eanalti e desperdi\u00e7ou a cobran\u00e7a.<\/p>\n<p><strong>Luiz Adriano falha nas penalidades<\/strong><\/p>\n<p>Na disputa de p\u00eanaltis, Luiz Adriano, que havia entrado na prorroga\u00e7\u00e3o, chutou a segunda cobran\u00e7a na trave. O Defensa y Justicia foi perfeito e levou a ta\u00e7a da Recopa.<\/p>\n<p>FICHA T\u00c9CNICA &#8211; RECOPA SUL-AMERICANA FINAL (VOLTA)<\/p>\n<p>Palmeiras 1(3) x (4) 2 Defensa y Justicia<\/p>\n<p>Data: 14 de Abril de 2021<\/p>\n<p>Hor\u00e1rio: 21h30 (hor\u00e1rio de Bras\u00edlia)<\/p>\n<p>Local: Est\u00e1dio Man\u00e9 Garrincha, em Bras\u00edlia-DF<\/p>\n<p>\u00c1rbitro: Leodan Gonzalez (URU)<\/p>\n<p>Assistentes: Nicolas Taran (URU) e Richard Trinidad (URU)<\/p>\n<p>VAR: Julio Bascu\u00f1an (CHI)<\/p>\n<p>Gols: 1-0 Raphael Veiga (22&#8217;\/1T); 1-1 Brian Romero (30&#8217;\/1T); 1-2 Marcelo Ben\u00edtez (47&#8217;\/2T)<\/p>\n<p>Cart\u00f5es amarelos: Wesley, Patrick de Paula (PAL); Sebasti\u00e1n Beccacece, Ra\u00fal Loaiza, Marcelo Ben\u00edtez e Adonis Fr\u00edas (DYJ)<\/p>\n<p>Cart\u00f5es vermelhos: Mat\u00edas Vi\u00f1a (PAL): Brian Romero (DYJ)<\/p>\n<p>PALMEIRAS (T\u00e9cnico: Abel Ferreira)<\/p>\n<p>Weverton; Marcos Rocha (Gabriel Menino, 1&#8217;\/2T Prorroga\u00e7\u00e3o), Gustavo G\u00f3mez, Luan e Mat\u00edas Vi\u00f1a; Patrick de Paula (Felipe Melo, 37&#8217;\/2T), Danilo e Raphael Veiga (Gabriel Menino, 31&#8217;\/2T); Breno Lopes (Mayke, 17&#8217;\/2T), Wesley (Gabriel Veron, 17&#8217;\/2T) (Alan Empereur, 38&#8217;\/2T) e Rony<\/p>\n<p>DEFENSA Y JUSTICIA (T\u00e9cnico: Sebasti\u00e1n Beccacece)<\/p>\n<p>Ezequiel Unsain; Mat\u00edas Rodriguez, Adonis Fr\u00edas, Meza e Marcelo Ben\u00edtez (Breitenbruch, 5&#8217;\/2T Prorroga\u00e7\u00e3o), Ra\u00fal Loaiza (Hachen, 31&#8217;\/2T), Enzo Fern\u00e1ndez, Francisco Pizzini (Merentiel, 39&#8217;\/2T) e Calos Rotondi (Rotondi, 34&#8217;\/2T); Walter Bou e Braian Romero<\/p>\n<p>&nbsp;<\/p>\n<p><strong>Fonte: Terra<\/strong><\/p>\n<p>&nbsp;<\/p>\n","protected":false},"excerpt":{"rendered":"<p>Com emo\u00e7\u00e3o, o Defensa y Justicia \u00e9 campe\u00e3o da Recopa Sul-Americana! A equipe comandada por Sebasti\u00e1n Beccacece marcou nos minutos finais, venceu o Palmeiras por 2 a 1 no tempo normal e superou os brasileiros nas penalidades por 4 a 3. Raphael Veiga marcou para os brasileiros. Brian Romero e Ben\u00edtez fizeram para os argentinos. &hellip;<\/p>\n","protected":false},"author":1,"featured_media":14766,"comment_status":"closed","ping_status":"closed","sticky":false,"template":"","format":"standard","meta":{"_jetpack_newsletter_access":"","_jetpack_dont_email_post_to_subs":false,"_jetpack_newsletter_tier_id":0,"_jetpack_memberships_contains_paywalled_content":false,"_jetpack_memberships_contains_paid_content":false,"footnotes":""},"categories":[1],"tags":[],"class_list":["post-14765","post","type-post","status-publish","format-standard","has-post-thumbnail","hentry","category-destaque"],"jetpack_sharing_enabled":true,"jetpack_featured_media_url":"","_links":{"self":[{"href":"https:\/\/www.oparanews.com.br\/index.php\/wp-json\/wp\/v2\/posts\/14765","targetHints":{"allow":["GET"]}}],"collection":[{"href":"https:\/\/www.oparanews.com.br\/index.php\/wp-json\/wp\/v2\/posts"}],"about":[{"href":"https:\/\/www.oparanews.com.br\/index.php\/wp-json\/wp\/v2\/types\/post"}],"author":[{"embeddable":true,"href":"https:\/\/www.oparanews.com.br\/index.php\/wp-json\/wp\/v2\/users\/1"}],"replies":[{"embeddable":true,"href":"https:\/\/www.oparanews.com.br\/index.php\/wp-json\/wp\/v2\/comments?post=14765"}],"version-history":[{"count":0,"href":"https:\/\/www.oparanews.com.br\/index.php\/wp-json\/wp\/v2\/posts\/14765\/revisions"}],"wp:attachment":[{"href":"https:\/\/www.oparanews.com.br\/index.php\/wp-json\/wp\/v2\/media?parent=14765"}],"wp:term":[{"taxonomy":"category","embeddable":true,"href":"https:\/\/www.oparanews.com.br\/index.php\/wp-json\/wp\/v2\/categories?post=14765"},{"taxonomy":"post_tag","embeddable":true,"href":"https:\/\/www.oparanews.com.br\/index.php\/wp-json\/wp\/v2\/tags?post=14765"}],"curies":[{"name":"wp","href":"https:\/\/api.w.org\/{rel}","templated":true}]}}