{"id":14768,"date":"2021-04-15T12:59:16","date_gmt":"2021-04-15T12:59:16","guid":{"rendered":"https:\/\/oparanews.com.br\/?p=14768"},"modified":"2021-04-15T12:59:16","modified_gmt":"2021-04-15T12:59:16","slug":"chuvas-provocam-alagamentos-queda-de-arvore-e-de-barreiras-em-bairros-de-maceio","status":"publish","type":"post","link":"https:\/\/www.oparanews.com.br\/index.php\/2021\/04\/15\/chuvas-provocam-alagamentos-queda-de-arvore-e-de-barreiras-em-bairros-de-maceio\/","title":{"rendered":"Chuvas provocam alagamentos, queda de \u00e1rvore e de barreiras em bairros de Macei\u00f3"},"content":{"rendered":"<p>As chuvas que caem em Macei\u00f3 desde a noite de quarta-feira (14) provocaram alagamentos em v\u00e1rios bairros, queda de \u00e1rvores e tamb\u00e9m deslizamento de barreiras.<\/p>\n<p>A Rua Miguel Palmeira estava completamente tomada pela \u00e1gua, impedido a passagem dos ve\u00edculos. Um Fiat Strada que estava estacionado na rua ficou praticamente submerso.<\/p>\n<p>Uma \u00e1rvore caiu na Ladeira da Moenda, no bairro do Feitosa. A ladeira est\u00e1 interditada nos dois sentidos. O Corpo de Bombeiros foi acionado para o local.<\/p>\n<p>Os bombeiros receberam ainda um chamado de queda de barreira e uma pessoa ficou ferida, na Rua Jos\u00e9 Bandeira, nas Piabas.<\/p>\n<p>A Avenida Leste-Oeste tamb\u00e9m ficou alagada. Muitos motoristas pararam em um posto de combust\u00edveis para aguardar a chuva passar e a \u00e1gua na avenida baixar.<\/p>\n<p>O volume de chuva foi t\u00e3o grande que encobriu a linha f\u00e9rrea em um trecho de Fern\u00e3o Velho, em Macei\u00f3. Com isso, a Companhia Brasileira de Trens Urbanos (CBTU) decidiu suspender temporariamente as viagens entre Bebedouro e Louren\u00e7o de Albuquerque.<\/p>\n<p><strong>Alerta da Defesa Civil<\/strong><\/p>\n<p>A Defesa Civil de Macei\u00f3 informou, nesta quinta-feira (15), que entrou novamente em estado operacional de alerta devido \u00e0s fortes chuvas que caem no estado.<\/p>\n<p>&#8220;O alerta \u00e9 para todo o estado. A popula\u00e7\u00e3o que mora em \u00e1rea de encostas e rios, precisam ficar atentas e procurar um lugar seguro caso aconte\u00e7a algum desastre&#8221;, disse o tenente-coronel Mois\u00e9s, da Defesa Civil estadual.<\/p>\n<p>De acordo com o \u00f3rg\u00e3o, h\u00e1 risco de alagamentos, movimenta\u00e7\u00e3o da massa em \u00e1reas de encostas. H\u00e1 ainda a possibilidade de inunda\u00e7\u00e3o da bacia do Rio Jacarecica e nos riachos Salgadinhos e Reginaldo.<\/p>\n<p>&nbsp;<\/p>\n<p><strong>Fonte: G1\/AL<\/strong><\/p>\n<p>&nbsp;<\/p>\n","protected":false},"excerpt":{"rendered":"<p>As chuvas que caem em Macei\u00f3 desde a noite de quarta-feira (14) provocaram alagamentos em v\u00e1rios bairros, queda de \u00e1rvores e tamb\u00e9m deslizamento de barreiras. A Rua Miguel Palmeira estava completamente tomada pela \u00e1gua, impedido a passagem dos ve\u00edculos. Um Fiat Strada que estava estacionado na rua ficou praticamente submerso. Uma \u00e1rvore caiu na Ladeira &hellip;<\/p>\n","protected":false},"author":1,"featured_media":14769,"comment_status":"closed","ping_status":"closed","sticky":false,"template":"","format":"standard","meta":{"_jetpack_newsletter_access":"","_jetpack_dont_email_post_to_subs":false,"_jetpack_newsletter_tier_id":0,"_jetpack_memberships_contains_paywalled_content":false,"_jetpack_memberships_contains_paid_content":false,"footnotes":""},"categories":[1],"tags":[],"class_list":["post-14768","post","type-post","status-publish","format-standard","has-post-thumbnail","hentry","category-destaque"],"jetpack_sharing_enabled":true,"jetpack_featured_media_url":"","_links":{"self":[{"href":"https:\/\/www.oparanews.com.br\/index.php\/wp-json\/wp\/v2\/posts\/14768","targetHints":{"allow":["GET"]}}],"collection":[{"href":"https:\/\/www.oparanews.com.br\/index.php\/wp-json\/wp\/v2\/posts"}],"about":[{"href":"https:\/\/www.oparanews.com.br\/index.php\/wp-json\/wp\/v2\/types\/post"}],"author":[{"embeddable":true,"href":"https:\/\/www.oparanews.com.br\/index.php\/wp-json\/wp\/v2\/users\/1"}],"replies":[{"embeddable":true,"href":"https:\/\/www.oparanews.com.br\/index.php\/wp-json\/wp\/v2\/comments?post=14768"}],"version-history":[{"count":0,"href":"https:\/\/www.oparanews.com.br\/index.php\/wp-json\/wp\/v2\/posts\/14768\/revisions"}],"wp:attachment":[{"href":"https:\/\/www.oparanews.com.br\/index.php\/wp-json\/wp\/v2\/media?parent=14768"}],"wp:term":[{"taxonomy":"category","embeddable":true,"href":"https:\/\/www.oparanews.com.br\/index.php\/wp-json\/wp\/v2\/categories?post=14768"},{"taxonomy":"post_tag","embeddable":true,"href":"https:\/\/www.oparanews.com.br\/index.php\/wp-json\/wp\/v2\/tags?post=14768"}],"curies":[{"name":"wp","href":"https:\/\/api.w.org\/{rel}","templated":true}]}}