{"id":14771,"date":"2021-04-16T00:47:55","date_gmt":"2021-04-16T00:47:55","guid":{"rendered":"https:\/\/oparanews.com.br\/?p=14771"},"modified":"2021-04-16T00:47:55","modified_gmt":"2021-04-16T00:47:55","slug":"idoso-e-preso-suspeito-de-estuprar-crianca-em-paripueira","status":"publish","type":"post","link":"https:\/\/www.oparanews.com.br\/index.php\/2021\/04\/16\/idoso-e-preso-suspeito-de-estuprar-crianca-em-paripueira\/","title":{"rendered":"Idoso \u00e9 preso suspeito de estuprar crian\u00e7a em Paripueira"},"content":{"rendered":"<p>Um idoso de 74 anos foi preso na tarde desta quinta-feira (15) suspeito de estuprar uma crian\u00e7a em Paripueira, no Litoral Norte de Alagoas. A v\u00edtima, que hoje tem 12 anos, contou que os abusos come\u00e7aram quando ela tinha 9 anos, e que era amea\u00e7ada.<\/p>\n<p>O chefe de opera\u00e7\u00f5es do do 13\u00ba Distrito Policial, Eutr\u00f3pio Vilela, disse que o homem mantinha uma boa rela\u00e7\u00e3o com parentes da menina e frequentava diariamente a casa da v\u00edtima. Ele a amea\u00e7ava, dizendo que se ela relatasse os abusos, mandaria o filho dele, que \u00e9 ex-presidi\u00e1rio, machuc\u00e1-la.<\/p>\n<p>Segundo Eutr\u00f3pio Vilela, a fam\u00edlia da menina s\u00f3 soube do estupro ap\u00f3s a primeira vez da v\u00edtima na ginecologista. A v\u00edtima passou por exame de conjun\u00e7\u00e3o carnal, que comprovou o estupro.<\/p>\n<p>&#8220;Foi decretada a pris\u00e3o tempor\u00e1ria do suspeito, ele foi ouvido e ser\u00e1 encaminhado para o sistema prisional, onde deve ficar recolhido at\u00e9 a conclus\u00e3o do inqu\u00e9rito&#8221;, disse o chefe de opera\u00e7\u00f5es do 13\u00ba DP.<\/p>\n<p>&nbsp;<\/p>\n<p><strong>Fonte: G1\/AL<\/strong><\/p>\n<p>&nbsp;<\/p>\n","protected":false},"excerpt":{"rendered":"<p>Um idoso de 74 anos foi preso na tarde desta quinta-feira (15) suspeito de estuprar uma crian\u00e7a em Paripueira, no Litoral Norte de Alagoas. A v\u00edtima, que hoje tem 12 anos, contou que os abusos come\u00e7aram quando ela tinha 9 anos, e que era amea\u00e7ada. O chefe de opera\u00e7\u00f5es do do 13\u00ba Distrito Policial, Eutr\u00f3pio &hellip;<\/p>\n","protected":false},"author":1,"featured_media":14772,"comment_status":"closed","ping_status":"closed","sticky":false,"template":"","format":"standard","meta":{"_jetpack_newsletter_access":"","_jetpack_dont_email_post_to_subs":false,"_jetpack_newsletter_tier_id":0,"_jetpack_memberships_contains_paywalled_content":false,"_jetpack_memberships_contains_paid_content":false,"footnotes":""},"categories":[1],"tags":[],"class_list":["post-14771","post","type-post","status-publish","format-standard","has-post-thumbnail","hentry","category-destaque"],"jetpack_sharing_enabled":true,"jetpack_featured_media_url":"","_links":{"self":[{"href":"https:\/\/www.oparanews.com.br\/index.php\/wp-json\/wp\/v2\/posts\/14771","targetHints":{"allow":["GET"]}}],"collection":[{"href":"https:\/\/www.oparanews.com.br\/index.php\/wp-json\/wp\/v2\/posts"}],"about":[{"href":"https:\/\/www.oparanews.com.br\/index.php\/wp-json\/wp\/v2\/types\/post"}],"author":[{"embeddable":true,"href":"https:\/\/www.oparanews.com.br\/index.php\/wp-json\/wp\/v2\/users\/1"}],"replies":[{"embeddable":true,"href":"https:\/\/www.oparanews.com.br\/index.php\/wp-json\/wp\/v2\/comments?post=14771"}],"version-history":[{"count":0,"href":"https:\/\/www.oparanews.com.br\/index.php\/wp-json\/wp\/v2\/posts\/14771\/revisions"}],"wp:attachment":[{"href":"https:\/\/www.oparanews.com.br\/index.php\/wp-json\/wp\/v2\/media?parent=14771"}],"wp:term":[{"taxonomy":"category","embeddable":true,"href":"https:\/\/www.oparanews.com.br\/index.php\/wp-json\/wp\/v2\/categories?post=14771"},{"taxonomy":"post_tag","embeddable":true,"href":"https:\/\/www.oparanews.com.br\/index.php\/wp-json\/wp\/v2\/tags?post=14771"}],"curies":[{"name":"wp","href":"https:\/\/api.w.org\/{rel}","templated":true}]}}