{"id":14774,"date":"2021-04-16T00:54:00","date_gmt":"2021-04-16T00:54:00","guid":{"rendered":"https:\/\/oparanews.com.br\/?p=14774"},"modified":"2021-04-16T00:54:00","modified_gmt":"2021-04-16T00:54:00","slug":"prf-apreende-540-kg-de-cocaina-e-prende-quatro-pessoas-em-sao-miguel-dos-campos","status":"publish","type":"post","link":"https:\/\/www.oparanews.com.br\/index.php\/2021\/04\/16\/prf-apreende-540-kg-de-cocaina-e-prende-quatro-pessoas-em-sao-miguel-dos-campos\/","title":{"rendered":"PRF apreende 540 kg de coca\u00edna e prende quatro pessoas em S\u00e3o Miguel dos Campos"},"content":{"rendered":"<p>A Pol\u00edcia Rodovi\u00e1ria Federal (PRF) prendeu, nesta quinta-feira (15), quatro pessoas com 540 kg de coca\u00edna na BR-101, em S\u00e3o Miguel dos Campos, no interior de Alagoas. A droga estava sendo transportada de S\u00e3o Paulo para Natal (RN) em uma van com a plotagem dos Correios.<\/p>\n<p>Em nota, os Correios informaram que o ve\u00edculo fazia parte de uma frota terceirizada e que o caso est\u00e1 sendo apurado internado. Disse ainda que est\u00e1 prestando as informa\u00e7\u00f5es necess\u00e1rias para auxiliar a investiga\u00e7\u00e3o da PRF.<\/p>\n<p>De acordo com a PRF, os suspeitos s\u00e3o dois casais. Um homem, que era dono do ve\u00edculo que presta servi\u00e7os aos Correios, conduzia o transporte e outro homem e as duas mulheres estavam em um Corola verificando as estradas para tentarem desviar das fiscaliza\u00e7\u00f5es.<\/p>\n<p>Ainda segundo a pol\u00edcia, os Correios n\u00e3o t\u00eam rela\u00e7\u00e3o com o transporte da droga, tanto \u00e9 que no momento da abordagem os suspeitos n\u00e3o estavam com mercadorias da empresa.<\/p>\n<p>A PRF tamb\u00e9m informou que os suspeitos n\u00e3o t\u00eam rela\u00e7\u00e3o com organiza\u00e7\u00e3o criminosa.<\/p>\n<p>A pris\u00e3o foi realizada ap\u00f3s investiga\u00e7\u00f5es das equipes de intelig\u00eancia da PRF e de opera\u00e7\u00f5es que atuam nas rodovias.<\/p>\n<p>Os presos e a droga apreendida foram levados para a sede da Divis\u00e3o Especial de Investiga\u00e7\u00f5es e Capturas (Deic), onde foram autuados por tr\u00e1fico de drogas e associa\u00e7\u00e3o ao tr\u00e1fico.<\/p>\n<p><strong>Nota Correios<\/strong><\/p>\n<p><em>Sobre a apreens\u00e3o de um ve\u00edculo dos Correios, nesta quinta-feira (14), pela Pol\u00edcia Rodovi\u00e1ria Federal, na BR-101 em S\u00e3o Miguel dos Campos\/AL, trata-se de uma van da frota terceirizada.<\/em><\/p>\n<p><em>Os Correios est\u00e3o apurando internamente o caso e prestando as informa\u00e7\u00f5es necess\u00e1rias para auxiliar a investiga\u00e7\u00e3o pela Pol\u00edcia Rodovi\u00e1ria Federal.<\/em><\/p>\n<p><em>Os Correios reiteram que mant\u00eam estreito relacionamento com os \u00f3rg\u00e3os de seguran\u00e7a para prevenir e coibir esse tipo de pr\u00e1tica criminosa contra a estatal.<\/em><\/p>\n<p>&nbsp;<\/p>\n<p><strong>Fonte: G1\/AL<\/strong><\/p>\n","protected":false},"excerpt":{"rendered":"<p>A Pol\u00edcia Rodovi\u00e1ria Federal (PRF) prendeu, nesta quinta-feira (15), quatro pessoas com 540 kg de coca\u00edna na BR-101, em S\u00e3o Miguel dos Campos, no interior de Alagoas. A droga estava sendo transportada de S\u00e3o Paulo para Natal (RN) em uma van com a plotagem dos Correios. Em nota, os Correios informaram que o ve\u00edculo fazia &hellip;<\/p>\n","protected":false},"author":1,"featured_media":14775,"comment_status":"closed","ping_status":"closed","sticky":false,"template":"","format":"standard","meta":{"_jetpack_newsletter_access":"","_jetpack_dont_email_post_to_subs":false,"_jetpack_newsletter_tier_id":0,"_jetpack_memberships_contains_paywalled_content":false,"_jetpack_memberships_contains_paid_content":false,"footnotes":""},"categories":[1],"tags":[],"class_list":["post-14774","post","type-post","status-publish","format-standard","has-post-thumbnail","hentry","category-destaque"],"jetpack_sharing_enabled":true,"jetpack_featured_media_url":"","_links":{"self":[{"href":"https:\/\/www.oparanews.com.br\/index.php\/wp-json\/wp\/v2\/posts\/14774","targetHints":{"allow":["GET"]}}],"collection":[{"href":"https:\/\/www.oparanews.com.br\/index.php\/wp-json\/wp\/v2\/posts"}],"about":[{"href":"https:\/\/www.oparanews.com.br\/index.php\/wp-json\/wp\/v2\/types\/post"}],"author":[{"embeddable":true,"href":"https:\/\/www.oparanews.com.br\/index.php\/wp-json\/wp\/v2\/users\/1"}],"replies":[{"embeddable":true,"href":"https:\/\/www.oparanews.com.br\/index.php\/wp-json\/wp\/v2\/comments?post=14774"}],"version-history":[{"count":0,"href":"https:\/\/www.oparanews.com.br\/index.php\/wp-json\/wp\/v2\/posts\/14774\/revisions"}],"wp:attachment":[{"href":"https:\/\/www.oparanews.com.br\/index.php\/wp-json\/wp\/v2\/media?parent=14774"}],"wp:term":[{"taxonomy":"category","embeddable":true,"href":"https:\/\/www.oparanews.com.br\/index.php\/wp-json\/wp\/v2\/categories?post=14774"},{"taxonomy":"post_tag","embeddable":true,"href":"https:\/\/www.oparanews.com.br\/index.php\/wp-json\/wp\/v2\/tags?post=14774"}],"curies":[{"name":"wp","href":"https:\/\/api.w.org\/{rel}","templated":true}]}}