{"id":14780,"date":"2021-04-16T01:06:03","date_gmt":"2021-04-16T01:06:03","guid":{"rendered":"https:\/\/oparanews.com.br\/?p=14780"},"modified":"2021-04-16T01:06:03","modified_gmt":"2021-04-16T01:06:03","slug":"povoado-imbira-2-recebe-melhorias-na-rede-de-energia-eletrica","status":"publish","type":"post","link":"https:\/\/www.oparanews.com.br\/index.php\/2021\/04\/16\/povoado-imbira-2-recebe-melhorias-na-rede-de-energia-eletrica\/","title":{"rendered":"Povoado Imbira 2 recebe melhorias na rede de energia el\u00e9trica"},"content":{"rendered":"<p>O homem do campo penedense est\u00e1 vivendo uma transforma\u00e7\u00e3o positiva em sua qualidade de vida na gest\u00e3o Crescendo Com Seu Povo. O governo que leva servi\u00e7os p\u00fablicos aos que moram longe da \u00e1rea urbana e viabiliza acesso \u00e0 assist\u00eancia dispon\u00edvel na cidade promove mais um avan\u00e7o para fam\u00edlias da zona rural.<\/p>\n<p>A mais nova a\u00e7\u00e3o p\u00fablica ocorre no Povoado Imbira 2, beneficiado com o aperfei\u00e7oamento de sua rede de energia el\u00e9trica gra\u00e7as \u00e0 reivindica\u00e7\u00e3o do Prefeito Ronaldo Lopes e da vereadora Raquel Tavares para a Equatorial, empresa distribuidora do servi\u00e7o em Alagoas.<\/p>\n<p>Em vistoria na manh\u00e3 de hoje (15), Ronaldo Lopes e Raquel Tavares acompanharam o trabalho realizado pela empresa que est\u00e1 instalando mais de 50 postos na regi\u00e3o. \u201cA a\u00e7\u00e3o vai favorecer principalmente treze fam\u00edlias que n\u00e3o tinham o servi\u00e7o essencial, assim como refor\u00e7ar a rede de energia de todo o povoado\u201d, destaca Ronaldo Lopes.<\/p>\n<p>Durante a visita, a vereadora ressaltou a import\u00e2ncia das melhorias. \u201cEssa comunidade sofria muito sem energia. Alguns moradores j\u00e1 chegaram a passar necessidade porque n\u00e3o podiam ter uma geladeira para guardar alimentos. Agora, com a instala\u00e7\u00e3o de energia eles v\u00e3o ter melhor condi\u00e7\u00e3o de vida\u2019\u2019, explica Raquel.<\/p>\n<p>O Prefeito de Penedo tamb\u00e9m agradeceu a empresa por atender as necessidades dos moradores da Imbira 2. \u201cEstamos gratos a Equatorial por realizar a minha reivindica\u00e7\u00e3o e da vereadora Raquel, colocando energia para essas fam\u00edlias e melhorando a rede da comunidade, investimento essencial para o crescimento da regi\u00e3o, al\u00e9m de garantir o bem-estar para essas pessoas\u201d, finaliza Ronaldo Lopes.<\/p>\n<p>&nbsp;<\/p>\n<p><strong>por Isabella Lucena GAPRE PMP<\/strong><\/p>\n<p>&nbsp;<\/p>\n","protected":false},"excerpt":{"rendered":"<p>O homem do campo penedense est\u00e1 vivendo uma transforma\u00e7\u00e3o positiva em sua qualidade de vida na gest\u00e3o Crescendo Com Seu Povo. O governo que leva servi\u00e7os p\u00fablicos aos que moram longe da \u00e1rea urbana e viabiliza acesso \u00e0 assist\u00eancia dispon\u00edvel na cidade promove mais um avan\u00e7o para fam\u00edlias da zona rural. A mais nova a\u00e7\u00e3o &hellip;<\/p>\n","protected":false},"author":1,"featured_media":14781,"comment_status":"closed","ping_status":"closed","sticky":false,"template":"","format":"standard","meta":{"_jetpack_newsletter_access":"","_jetpack_dont_email_post_to_subs":false,"_jetpack_newsletter_tier_id":0,"_jetpack_memberships_contains_paywalled_content":false,"_jetpack_memberships_contains_paid_content":false,"footnotes":""},"categories":[1],"tags":[],"class_list":["post-14780","post","type-post","status-publish","format-standard","has-post-thumbnail","hentry","category-destaque"],"jetpack_sharing_enabled":true,"jetpack_featured_media_url":"","_links":{"self":[{"href":"https:\/\/www.oparanews.com.br\/index.php\/wp-json\/wp\/v2\/posts\/14780","targetHints":{"allow":["GET"]}}],"collection":[{"href":"https:\/\/www.oparanews.com.br\/index.php\/wp-json\/wp\/v2\/posts"}],"about":[{"href":"https:\/\/www.oparanews.com.br\/index.php\/wp-json\/wp\/v2\/types\/post"}],"author":[{"embeddable":true,"href":"https:\/\/www.oparanews.com.br\/index.php\/wp-json\/wp\/v2\/users\/1"}],"replies":[{"embeddable":true,"href":"https:\/\/www.oparanews.com.br\/index.php\/wp-json\/wp\/v2\/comments?post=14780"}],"version-history":[{"count":0,"href":"https:\/\/www.oparanews.com.br\/index.php\/wp-json\/wp\/v2\/posts\/14780\/revisions"}],"wp:attachment":[{"href":"https:\/\/www.oparanews.com.br\/index.php\/wp-json\/wp\/v2\/media?parent=14780"}],"wp:term":[{"taxonomy":"category","embeddable":true,"href":"https:\/\/www.oparanews.com.br\/index.php\/wp-json\/wp\/v2\/categories?post=14780"},{"taxonomy":"post_tag","embeddable":true,"href":"https:\/\/www.oparanews.com.br\/index.php\/wp-json\/wp\/v2\/tags?post=14780"}],"curies":[{"name":"wp","href":"https:\/\/api.w.org\/{rel}","templated":true}]}}