{"id":14786,"date":"2021-04-16T01:16:32","date_gmt":"2021-04-16T01:16:32","guid":{"rendered":"https:\/\/oparanews.com.br\/?p=14786"},"modified":"2021-04-16T01:16:32","modified_gmt":"2021-04-16T01:16:32","slug":"stf-anula-condenacoes-de-lula-que-volta-a-ser-elegivel","status":"publish","type":"post","link":"https:\/\/www.oparanews.com.br\/index.php\/2021\/04\/16\/stf-anula-condenacoes-de-lula-que-volta-a-ser-elegivel\/","title":{"rendered":"STF anula condena\u00e7\u00f5es de Lula, que volta a ser eleg\u00edvel"},"content":{"rendered":"<p>Por 8 a 3, o Supremo Tribunal Federal (STF) decidiu nesta quinta-feira (15) derrubar as condena\u00e7\u00f5es impostas pela Opera\u00e7\u00e3o Lava Jato ao ex-presidente Luiz In\u00e1cio Lula da Silva, o que deixa o petista eleg\u00edvel e apto a disputar as pr\u00f3ximas elei\u00e7\u00f5es presidenciais. Na pr\u00e1tica, o plen\u00e1rio manteve a decis\u00e3o do ministro Edson Fachin, que considerou no m\u00eas passado que a Justi\u00e7a Federal de Curitiba n\u00e3o era competente para investigar Lula, j\u00e1 que as acusa\u00e7\u00f5es levantadas contra o ex-presidente n\u00e3o diziam respeito diretamente a um esquema bilion\u00e1rio de corrup\u00e7\u00e3o na Petrobras.<\/p>\n<p>Ainda est\u00e1 em aberto se as quatro a\u00e7\u00f5es penais que miram Lula (do tr\u00edplex do Guaruj\u00e1, do sitio de Atibaia e duas sobre o Instituto Lula) v\u00e3o ser encaminhadas para a Justi\u00e7a Federal do DF ou de S\u00e3o Paulo, onde ser\u00e3o retomadas e ganhar\u00e3o uma &#8216;nova vida&#8217;. O julgamento ser\u00e1 retomado na pr\u00f3xima quinta-feira, quando o plen\u00e1rio vai analisar um outro ponto delicado: se a suspei\u00e7\u00e3o do ex-juiz federal S\u00e9rgio Moro vai ser arquivada ou n\u00e3o.<\/p>\n<p>Pelo racioc\u00ednio de Fachin, se a condena\u00e7\u00e3o que Moro imp\u00f4s a Lula na a\u00e7\u00e3o do tr\u00edplex do Guaruj\u00e1 n\u00e3o existe mais, n\u00e3o faz mais sentido discutir a atua\u00e7\u00e3o do ex-juiz federal no caso. Mesmo assim, a Segunda Turma decidiu, no m\u00eas passado, por 3 a 2, declarar Moro parcial no caso. Agora, a palavra final ser\u00e1 do plen\u00e1rio, que deve se dividir sobre o tema.<\/p>\n<p>A suspei\u00e7\u00e3o de Moro \u00e9 uma quest\u00e3o-chave para o futuro da Lava Jato e de Lula, porque os ministros v\u00e3o decidir se as provas coletadas pelo ex-magistrado ser\u00e3o reaproveitadas ou n\u00e3o pelo futuro juiz que assumir os casos do ex-presidente. Um dos temores de investigadores \u00e9 a de que, com a declara\u00e7\u00e3o de parcialidade de Moro, haja um efeito cascata, contaminando outros processos da Lava Jato nos quais Moro atuou. Se for mantida a suspei\u00e7\u00e3o de Moro, as a\u00e7\u00f5es ter\u00e3o de voltar \u00e0 estaca zero.<\/p>\n<p>&nbsp;<\/p>\n<p><strong>Fonte: Terra<\/strong><\/p>\n<p>&nbsp;<\/p>\n","protected":false},"excerpt":{"rendered":"<p>Por 8 a 3, o Supremo Tribunal Federal (STF) decidiu nesta quinta-feira (15) derrubar as condena\u00e7\u00f5es impostas pela Opera\u00e7\u00e3o Lava Jato ao ex-presidente Luiz In\u00e1cio Lula da Silva, o que deixa o petista eleg\u00edvel e apto a disputar as pr\u00f3ximas elei\u00e7\u00f5es presidenciais. Na pr\u00e1tica, o plen\u00e1rio manteve a decis\u00e3o do ministro Edson Fachin, que considerou &hellip;<\/p>\n","protected":false},"author":1,"featured_media":14787,"comment_status":"closed","ping_status":"closed","sticky":false,"template":"","format":"standard","meta":{"_jetpack_newsletter_access":"","_jetpack_dont_email_post_to_subs":false,"_jetpack_newsletter_tier_id":0,"_jetpack_memberships_contains_paywalled_content":false,"_jetpack_memberships_contains_paid_content":false,"footnotes":""},"categories":[1],"tags":[],"class_list":["post-14786","post","type-post","status-publish","format-standard","has-post-thumbnail","hentry","category-destaque"],"jetpack_sharing_enabled":true,"jetpack_featured_media_url":"","_links":{"self":[{"href":"https:\/\/www.oparanews.com.br\/index.php\/wp-json\/wp\/v2\/posts\/14786","targetHints":{"allow":["GET"]}}],"collection":[{"href":"https:\/\/www.oparanews.com.br\/index.php\/wp-json\/wp\/v2\/posts"}],"about":[{"href":"https:\/\/www.oparanews.com.br\/index.php\/wp-json\/wp\/v2\/types\/post"}],"author":[{"embeddable":true,"href":"https:\/\/www.oparanews.com.br\/index.php\/wp-json\/wp\/v2\/users\/1"}],"replies":[{"embeddable":true,"href":"https:\/\/www.oparanews.com.br\/index.php\/wp-json\/wp\/v2\/comments?post=14786"}],"version-history":[{"count":0,"href":"https:\/\/www.oparanews.com.br\/index.php\/wp-json\/wp\/v2\/posts\/14786\/revisions"}],"wp:attachment":[{"href":"https:\/\/www.oparanews.com.br\/index.php\/wp-json\/wp\/v2\/media?parent=14786"}],"wp:term":[{"taxonomy":"category","embeddable":true,"href":"https:\/\/www.oparanews.com.br\/index.php\/wp-json\/wp\/v2\/categories?post=14786"},{"taxonomy":"post_tag","embeddable":true,"href":"https:\/\/www.oparanews.com.br\/index.php\/wp-json\/wp\/v2\/tags?post=14786"}],"curies":[{"name":"wp","href":"https:\/\/api.w.org\/{rel}","templated":true}]}}