{"id":14795,"date":"2021-04-16T13:06:31","date_gmt":"2021-04-16T13:06:31","guid":{"rendered":"https:\/\/oparanews.com.br\/?p=14795"},"modified":"2021-04-16T13:06:31","modified_gmt":"2021-04-16T13:06:31","slug":"decreto-municipal-nomeia-membros-do-conselho-de-acompanhamento-e-controle-social-do-fundeb-em-penedo","status":"publish","type":"post","link":"https:\/\/www.oparanews.com.br\/index.php\/2021\/04\/16\/decreto-municipal-nomeia-membros-do-conselho-de-acompanhamento-e-controle-social-do-fundeb-em-penedo\/","title":{"rendered":"Decreto Municipal nomeia membros do Conselho de Acompanhamento e Controle Social do FUNDEB em Penedo"},"content":{"rendered":"<p>A Prefeitura de Penedo publicou no Di\u00e1rio Oficial do Munic\u00edpio o Decreto n.\u00b0 727\/2021, que nomeia os membros do Conselho Municipal de Acompanhamento e Controle Social do Fundo de Manuten\u00e7\u00e3o e Desenvolvimento da Educa\u00e7\u00e3o B\u00e1sica e de Valoriza\u00e7\u00e3o dos Profissionais da Educa\u00e7\u00e3o \u2013 CACS\/FUNDEB.<\/p>\n<p>O Decreto Municipal assinado pelo Prefeito Ronaldo Lopes trata da composi\u00e7\u00e3o do referido conselho, para o bi\u00eanio 2020\/2022 seus membros e respectivos suplentes.<\/p>\n<p>A composi\u00e7\u00e3o do conselho \u00e9 formada por representante do poder executivo municipal, professores das escolas p\u00fablicas municipais, diretores das escolas, representantes dos t\u00e9cnicos administrativos das escolas, representantes dos pais de alunos, dos estudantes e do conselho municipal de educa\u00e7\u00e3o.<\/p>\n<p>Al\u00e9m disso, tamb\u00e9m fazem parte representantes do Conselho Tutelar dos Direitos da Crian\u00e7a e do Adolescentes e das escolas quilombolas.<\/p>\n<p>O Decreto Municipal n.\u00b0 727\/2021, assim como a composi\u00e7\u00e3o desse conselho, podem ser visualizado por meio desse link.<\/p>\n<p>&nbsp;<\/p>\n<p><strong>por Thiago Sobral &#8211; jornalista Decom PMP<\/strong><\/p>\n<p>&nbsp;<\/p>\n","protected":false},"excerpt":{"rendered":"<p>A Prefeitura de Penedo publicou no Di\u00e1rio Oficial do Munic\u00edpio o Decreto n.\u00b0 727\/2021, que nomeia os membros do Conselho Municipal de Acompanhamento e Controle Social do Fundo de Manuten\u00e7\u00e3o e Desenvolvimento da Educa\u00e7\u00e3o B\u00e1sica e de Valoriza\u00e7\u00e3o dos Profissionais da Educa\u00e7\u00e3o \u2013 CACS\/FUNDEB. O Decreto Municipal assinado pelo Prefeito Ronaldo Lopes trata da composi\u00e7\u00e3o &hellip;<\/p>\n","protected":false},"author":1,"featured_media":14796,"comment_status":"closed","ping_status":"closed","sticky":false,"template":"","format":"standard","meta":{"_jetpack_newsletter_access":"","_jetpack_dont_email_post_to_subs":false,"_jetpack_newsletter_tier_id":0,"_jetpack_memberships_contains_paywalled_content":false,"_jetpack_memberships_contains_paid_content":false,"footnotes":""},"categories":[1],"tags":[],"class_list":["post-14795","post","type-post","status-publish","format-standard","has-post-thumbnail","hentry","category-destaque"],"jetpack_sharing_enabled":true,"jetpack_featured_media_url":"","_links":{"self":[{"href":"https:\/\/www.oparanews.com.br\/index.php\/wp-json\/wp\/v2\/posts\/14795","targetHints":{"allow":["GET"]}}],"collection":[{"href":"https:\/\/www.oparanews.com.br\/index.php\/wp-json\/wp\/v2\/posts"}],"about":[{"href":"https:\/\/www.oparanews.com.br\/index.php\/wp-json\/wp\/v2\/types\/post"}],"author":[{"embeddable":true,"href":"https:\/\/www.oparanews.com.br\/index.php\/wp-json\/wp\/v2\/users\/1"}],"replies":[{"embeddable":true,"href":"https:\/\/www.oparanews.com.br\/index.php\/wp-json\/wp\/v2\/comments?post=14795"}],"version-history":[{"count":0,"href":"https:\/\/www.oparanews.com.br\/index.php\/wp-json\/wp\/v2\/posts\/14795\/revisions"}],"wp:attachment":[{"href":"https:\/\/www.oparanews.com.br\/index.php\/wp-json\/wp\/v2\/media?parent=14795"}],"wp:term":[{"taxonomy":"category","embeddable":true,"href":"https:\/\/www.oparanews.com.br\/index.php\/wp-json\/wp\/v2\/categories?post=14795"},{"taxonomy":"post_tag","embeddable":true,"href":"https:\/\/www.oparanews.com.br\/index.php\/wp-json\/wp\/v2\/tags?post=14795"}],"curies":[{"name":"wp","href":"https:\/\/api.w.org\/{rel}","templated":true}]}}