{"id":14801,"date":"2021-04-16T19:31:08","date_gmt":"2021-04-16T19:31:08","guid":{"rendered":"https:\/\/oparanews.com.br\/?p=14801"},"modified":"2021-04-16T19:31:08","modified_gmt":"2021-04-16T19:31:08","slug":"renan-calheiros-diz-que-bolsonaro-piora-as-coisas","status":"publish","type":"post","link":"https:\/\/www.oparanews.com.br\/index.php\/2021\/04\/16\/renan-calheiros-diz-que-bolsonaro-piora-as-coisas\/","title":{"rendered":"Renan Calheiros diz que Bolsonaro &#8220;piora as coisas&#8221;"},"content":{"rendered":"<p>Cotado para ser o relator da CPI da Covid, o senador Renan Calheiros (MDB-AL) avalia que o pr\u00f3prio governo ajudar\u00e1 a politizar os trabalhos da comiss\u00e3o se continuar agindo para barrar suas investiga\u00e7\u00f5es. O presidente Jair Bolsonaro criticou a abertura da comiss\u00e3o dizendo que ela seria feita apenas contra ele e visando desgast\u00e1-lo para as elei\u00e7\u00f5es de 2022. Em entrevista ao Estad\u00e3o, Renan disse que, &#8220;se o governo intervier na CPI, o tiro vai sair pela culatra&#8221;.<\/p>\n<p>&#8220;Ele pr\u00f3prio acaba ajudando a politizar a investiga\u00e7\u00e3o. Piora as coisas&#8221;, afirmou o emedebista. &#8220;Acho que esse governo precisa encontrar uma maneira de conviver com essa investiga\u00e7\u00e3o. Porque esse \u00e9 um procedimento constitucional. N\u00e3o h\u00e1 como n\u00e3o faz\u00ea-lo. A sociedade cobra isso de todos n\u00f3s. E a CPI \u00e9 um instrumento sagrado da minoria&#8221;, acrescentou.<\/p>\n<p>A seguir, os principais trechos da entrevista:<\/p>\n<p><strong>Por onde o senhor acha que deve come\u00e7ar o caminho da investiga\u00e7\u00e3o da CPI?<\/strong><\/p>\n<p>Essa ser\u00e1 uma CPI muito importante. Ter\u00e1 uma composi\u00e7\u00e3o qualificada. E o seu trabalho ser\u00e1 facilitado porque muita coisa que ela investigar\u00e1 \u00e9 p\u00fablica. As pessoas abordam a gente na rua e perguntam assim: &#8216;Voc\u00ea acha que, se o presidente tivesse acertado a m\u00e3o, quantas mortes o Pa\u00eds poderia ter evitado?&#8217; A gente n\u00e3o faz ideia. A CPI responder\u00e1 essas coisas inevitavelmente.<\/p>\n<p><strong>Ao longo dos tempos, as CPIs, na maioria das vezes, investigam casos de desvios de recursos p\u00fablicos. Essa vai lidar com problemas que podem ter provocado milhares de mortes. Isso pode dar um car\u00e1ter mais emocional para os trabalhos da comiss\u00e3o?<\/strong><\/p>\n<p>Eu acho que, do ponto de vista da opini\u00e3o p\u00fablica, sim. Do ponto de vista da investiga\u00e7\u00e3o, n\u00e3o. A investiga\u00e7\u00e3o necessariamente ter\u00e1 de ser t\u00e9cnica e criteriosa para que n\u00f3s n\u00e3o incorramos em erros.<\/p>\n<p><strong>O governo trabalhou politicamente para evitar a instala\u00e7\u00e3o da CPI. O senhor acha que, agora, o governo vai agir para impedir o avan\u00e7o das investiga\u00e7\u00f5es dentro da comiss\u00e3o? Vai ser uma esp\u00e9cie de beque?<\/strong><\/p>\n<p>N\u00e3o tenho nenhuma d\u00favida. Porque em todos os momentos esse assunto foi mal conduzido pelo governo. E isso, inclusive, cobrou um pre\u00e7o alt\u00edssimo do pr\u00f3prio presidente do Senado Federal. Acho que o governo continuar\u00e1 errando, mas ele tem caracter\u00edsticas, a essa altura, bastante conhecidas.<br \/>\nO governo pode tentar barrar convoca\u00e7\u00f5es de alguns de seus integrantes e ex-integrantes, como o ex-ministro Eduardo Pazuello, por exemplo?<\/p>\n<p>Acho que n\u00e3o. Porque a CPI vai ter que, em primeiro lugar, estabelecer um plano de investiga\u00e7\u00e3o coletivo. N\u00e3o \u00e9 de ningu\u00e9m. E ela pr\u00f3pria definir\u00e1 os seus limites.<\/p>\n<p><strong>O Planalto deseja que a investiga\u00e7\u00e3o da CPI tamb\u00e9m chegue a Estados e munic\u00edpios, e isso foi apensado ao fato determinado da comiss\u00e3o. Como isso vai ser feito?<\/strong><\/p>\n<p>H\u00e1 unanimidade na CPI com rela\u00e7\u00e3o \u00e0 necessidade, quando houver crime conexo, de investigar Estados e munic\u00edpios. Mas apenas nessa condi\u00e7\u00e3o. Voc\u00ea n\u00e3o pode fazer uma Comiss\u00e3o Parlamentar de Inquisi\u00e7\u00e3o contra governadores ou prefeitos ou contra o presidente da Rep\u00fablica. Tem de fazer a investiga\u00e7\u00e3o.<br \/>\nUma das cr\u00edticas que os governistas fazem \u00e0 poss\u00edvel indica\u00e7\u00e3o do seu nome para a relatoria da CPI \u00e9 que o senhor \u00e9 pai do governador de Alagoas, Renan Filho&#8230;<\/p>\n<p>A CPI s\u00f3 se torna necess\u00e1ria, como esta que vai se instalar, quando os fatos n\u00e3o est\u00e3o sendo devidamente investigados nos \u00f3rg\u00e3os competentes. E n\u00f3s vamos ver essas circunst\u00e2ncias tamb\u00e9m Estado por Estado.<\/p>\n<p><strong>O senhor disse ao &#8216;Estad\u00e3o&#8217;, na semana passada, que, se o governo tentar interferir na CPI, dar\u00e1 com os burros n&#8217;\u00e1gua. Com todo o poder que o presidente tem na sua caneta, n\u00e3o h\u00e1 como o governo tentar ter algum tipo de controle da CPI?<\/strong><\/p>\n<p>Se o governo intervir na CPI, o tiro vai sair pela culatra. Ele pr\u00f3prio acaba ajudando a politizar a investiga\u00e7\u00e3o. Piora as coisas. Com isso, todos os governos perdem. E acho que esse governo precisa encontrar uma maneira de conviver com essa investiga\u00e7\u00e3o. Porque esse \u00e9 um procedimento constitucional. N\u00e3o h\u00e1 como n\u00e3o faz\u00ea-lo. A sociedade cobra isso de todos n\u00f3s. E a CPI \u00e9 um instrumento sagrado da minoria. Eu adverti o presidente do Senado v\u00e1rias vezes que ela seria instalada. Porque s\u00f3 tr\u00eas pr\u00e9-requisitos s\u00e3o analisados: se tem fato determinado, se tem n\u00famero m\u00ednimo de assinaturas e se tem prazo para investiga\u00e7\u00e3o. Cumpriu tudo.<\/p>\n<p><strong>O presidente Bolsonaro disse que a CPI era inadequada porque poderia ser feita apenas contra ele e se transformar num palco eleitoral para 2022. Ele tem raz\u00e3o nessa queixa?<\/strong><\/p>\n<p>Ele mesmo pode colaborar para que isso aconte\u00e7a. Na medida em que queira amea\u00e7ar, dificultar os trabalhos, evitar que algu\u00e9m seja convocado. Isso tudo pode agilizar essa politiza\u00e7\u00e3o que eles tanto temem. Acho que j\u00e1 erraram bastante na instala\u00e7\u00e3o. Porque dever\u00edamos ter essa comiss\u00e3o instalada em fevereiro. Estamos na metade de abril. E at\u00e9 agora n\u00e3o a instalamos. Tudo isso significa dizer que a investiga\u00e7\u00e3o vai sendo levada para a proximidade da elei\u00e7\u00e3o. Se isso ajuda a politizar, eu n\u00e3o sei. S\u00f3 sei que na medida em que o governo quer interferir na investiga\u00e7\u00e3o, ajudar\u00e1, com certeza, a politizar sim.<\/p>\n<p><strong>Por onde a CPI deve come\u00e7ar?<\/strong><\/p>\n<p>Precisamos, agora, instalar a comiss\u00e3o, eleger o presidente, que vai, de acordo com a correla\u00e7\u00e3o de for\u00e7as, designar o relator. N\u00e3o h\u00e1 disputa entre n\u00f3s. Estou muito satisfeito por integrar a comiss\u00e3o. N\u00e3o preciso ter um cargo a mais. E acho que a CPI precisa ser necessariamente t\u00e9cnica. Por onde come\u00e7ar, precisar\u00e1 ter um rigor t\u00e9cnico muito grande para n\u00e3o derivar, por iniciativa da pr\u00f3pria CPI, para essa politiza\u00e7\u00e3o.<\/p>\n<p><strong>E o senhor est\u00e1 convencido de que a CPI tem fundamentos para ter sido criada?<\/strong><\/p>\n<p>Ela tem fatos determinados a investigar e muitos deles s\u00e3o p\u00fablicos. Confessados. O que, disse e repito, facilitar\u00e1 a investiga\u00e7\u00e3o.<\/p>\n<p>&nbsp;<\/p>\n<p>&nbsp;<\/p>\n<p><strong>Fonte: Terra<\/strong><\/p>\n","protected":false},"excerpt":{"rendered":"<p>Cotado para ser o relator da CPI da Covid, o senador Renan Calheiros (MDB-AL) avalia que o pr\u00f3prio governo ajudar\u00e1 a politizar os trabalhos da comiss\u00e3o se continuar agindo para barrar suas investiga\u00e7\u00f5es. O presidente Jair Bolsonaro criticou a abertura da comiss\u00e3o dizendo que ela seria feita apenas contra ele e visando desgast\u00e1-lo para as &hellip;<\/p>\n","protected":false},"author":1,"featured_media":14802,"comment_status":"closed","ping_status":"closed","sticky":false,"template":"","format":"standard","meta":{"_jetpack_newsletter_access":"","_jetpack_dont_email_post_to_subs":false,"_jetpack_newsletter_tier_id":0,"_jetpack_memberships_contains_paywalled_content":false,"_jetpack_memberships_contains_paid_content":false,"footnotes":""},"categories":[1],"tags":[],"class_list":["post-14801","post","type-post","status-publish","format-standard","has-post-thumbnail","hentry","category-destaque"],"jetpack_sharing_enabled":true,"jetpack_featured_media_url":"","_links":{"self":[{"href":"https:\/\/www.oparanews.com.br\/index.php\/wp-json\/wp\/v2\/posts\/14801","targetHints":{"allow":["GET"]}}],"collection":[{"href":"https:\/\/www.oparanews.com.br\/index.php\/wp-json\/wp\/v2\/posts"}],"about":[{"href":"https:\/\/www.oparanews.com.br\/index.php\/wp-json\/wp\/v2\/types\/post"}],"author":[{"embeddable":true,"href":"https:\/\/www.oparanews.com.br\/index.php\/wp-json\/wp\/v2\/users\/1"}],"replies":[{"embeddable":true,"href":"https:\/\/www.oparanews.com.br\/index.php\/wp-json\/wp\/v2\/comments?post=14801"}],"version-history":[{"count":0,"href":"https:\/\/www.oparanews.com.br\/index.php\/wp-json\/wp\/v2\/posts\/14801\/revisions"}],"wp:attachment":[{"href":"https:\/\/www.oparanews.com.br\/index.php\/wp-json\/wp\/v2\/media?parent=14801"}],"wp:term":[{"taxonomy":"category","embeddable":true,"href":"https:\/\/www.oparanews.com.br\/index.php\/wp-json\/wp\/v2\/categories?post=14801"},{"taxonomy":"post_tag","embeddable":true,"href":"https:\/\/www.oparanews.com.br\/index.php\/wp-json\/wp\/v2\/tags?post=14801"}],"curies":[{"name":"wp","href":"https:\/\/api.w.org\/{rel}","templated":true}]}}