{"id":14810,"date":"2021-04-17T01:47:57","date_gmt":"2021-04-17T01:47:57","guid":{"rendered":"https:\/\/oparanews.com.br\/?p=14810"},"modified":"2021-04-17T01:47:57","modified_gmt":"2021-04-17T01:47:57","slug":"veja-as-comorbidades-incluidas-na-nova-etapa-de-vacinacao-contra-a-covid-em-al-e-como-comprovar","status":"publish","type":"post","link":"https:\/\/www.oparanews.com.br\/index.php\/2021\/04\/17\/veja-as-comorbidades-incluidas-na-nova-etapa-de-vacinacao-contra-a-covid-em-al-e-como-comprovar\/","title":{"rendered":"Veja as comorbidades inclu\u00eddas na nova etapa de vacina\u00e7\u00e3o contra a Covid em AL e como comprovar"},"content":{"rendered":"<p>Alagoas recebeu mais de 81 mil doses de vacinas contra a Covid-19 nesta sexta-feira (15). Parte desses imunizantes ser\u00e1 para vacinar pessoas com comorbidades. Para os pacientes renais cr\u00f4nicos e pessoas com s\u00edndrome de Down n\u00e3o h\u00e1 defini\u00e7\u00e3o de idade, basta ter mais de 18 anos. Por\u00e9m, para as demais comorbidades ser\u00e1 gradativo, come\u00e7ando com pessoas de 59 anos.<\/p>\n<p>Veja abaixo quais outras comorbidades est\u00e3o inclu\u00eddas no cronograma de vacina\u00e7\u00e3o por idade:<\/p>\n<p><strong>* todos os tipos de diabetes<\/strong><br \/>\n<strong>* pneumopatias cr\u00f4nicas graves (doen\u00e7a pulmonar obstrutiva cr\u00f4nica; asma grave; fibrose c\u00edstica&#8230;)<\/strong><br \/>\n<strong>* hipertens\u00e3o arterial em diferentes condi\u00e7\u00f5es<\/strong><br \/>\n<strong>* doen\u00e7as cardiovasculares<\/strong><br \/>\n<strong>* doen\u00e7as cerebrovasculares (acidente vascular cerebral isqu\u00eamico ou hemorr\u00e1gico; ataque isqu\u00eamico transit\u00f3rio; e dem\u00eancia vascular)<\/strong><br \/>\n<strong>* imunossuprimidos (transplantados, pessoas com HIV, pacientes oncol\u00f3gicos&#8230;)<\/strong><br \/>\n<strong>* anemia falciforme<\/strong><br \/>\n<strong>* obesidade m\u00f3rbida<\/strong><br \/>\n<strong>* cirrose hep\u00e1tica<\/strong><\/p>\n<p>Todos os detalhes das comorbidades est\u00e3o estabelecidos em documento elaborado por t\u00e9cnicos da Secretaria de Estado da Sa\u00fade (Sesau), em parceria com o Conselho de Secretarias Municipais de Sa\u00fade de Alagoas (Cosems\/AL) (clique aqui para baixar a nota t\u00e9cnica completa).<\/p>\n<p>Tamb\u00e9m ser\u00e3o vacinados j\u00e1 nesta nova etapa os povos de comunidades quilombolas. Essa demanda foi pleiteada por representantes das comunidades junto ao Minist\u00e9rio P\u00fablico Federal (MPF), que oficiou o governo do Estado para que fosse tomada uma provid\u00eancia.<\/p>\n<p>\u201cSer\u00e3o 18.500 alagoanos que ser\u00e3o imunizados nesta faixa et\u00e1ria dos 59 anos, que foram previamente determinados pelo Minist\u00e9rio da Sa\u00fade. O quantitativo de doses recebidas foi dividido e Alagoas vai vacinar, tamb\u00e9m, a popula\u00e7\u00e3o quilombola, continuar vacinando profissionais de sa\u00fade e, claro, os pacientes com comorbidades, desde que ele esteja com 59 anos\u201d, explica o secret\u00e1rio de Estado da Sa\u00fade, Alexandre Ayres.<\/p>\n<p>&nbsp;<\/p>\n<p><strong>Fonte: G1\/AL<\/strong><\/p>\n<p>&nbsp;<\/p>\n","protected":false},"excerpt":{"rendered":"<p>Alagoas recebeu mais de 81 mil doses de vacinas contra a Covid-19 nesta sexta-feira (15). Parte desses imunizantes ser\u00e1 para vacinar pessoas com comorbidades. Para os pacientes renais cr\u00f4nicos e pessoas com s\u00edndrome de Down n\u00e3o h\u00e1 defini\u00e7\u00e3o de idade, basta ter mais de 18 anos. Por\u00e9m, para as demais comorbidades ser\u00e1 gradativo, come\u00e7ando com &hellip;<\/p>\n","protected":false},"author":1,"featured_media":14811,"comment_status":"closed","ping_status":"closed","sticky":false,"template":"","format":"standard","meta":{"_jetpack_newsletter_access":"","_jetpack_dont_email_post_to_subs":false,"_jetpack_newsletter_tier_id":0,"_jetpack_memberships_contains_paywalled_content":false,"_jetpack_memberships_contains_paid_content":false,"footnotes":""},"categories":[1],"tags":[],"class_list":["post-14810","post","type-post","status-publish","format-standard","has-post-thumbnail","hentry","category-destaque"],"jetpack_sharing_enabled":true,"jetpack_featured_media_url":"","_links":{"self":[{"href":"https:\/\/www.oparanews.com.br\/index.php\/wp-json\/wp\/v2\/posts\/14810","targetHints":{"allow":["GET"]}}],"collection":[{"href":"https:\/\/www.oparanews.com.br\/index.php\/wp-json\/wp\/v2\/posts"}],"about":[{"href":"https:\/\/www.oparanews.com.br\/index.php\/wp-json\/wp\/v2\/types\/post"}],"author":[{"embeddable":true,"href":"https:\/\/www.oparanews.com.br\/index.php\/wp-json\/wp\/v2\/users\/1"}],"replies":[{"embeddable":true,"href":"https:\/\/www.oparanews.com.br\/index.php\/wp-json\/wp\/v2\/comments?post=14810"}],"version-history":[{"count":0,"href":"https:\/\/www.oparanews.com.br\/index.php\/wp-json\/wp\/v2\/posts\/14810\/revisions"}],"wp:attachment":[{"href":"https:\/\/www.oparanews.com.br\/index.php\/wp-json\/wp\/v2\/media?parent=14810"}],"wp:term":[{"taxonomy":"category","embeddable":true,"href":"https:\/\/www.oparanews.com.br\/index.php\/wp-json\/wp\/v2\/categories?post=14810"},{"taxonomy":"post_tag","embeddable":true,"href":"https:\/\/www.oparanews.com.br\/index.php\/wp-json\/wp\/v2\/tags?post=14810"}],"curies":[{"name":"wp","href":"https:\/\/api.w.org\/{rel}","templated":true}]}}