{"id":14813,"date":"2021-04-17T15:36:24","date_gmt":"2021-04-17T15:36:24","guid":{"rendered":"https:\/\/oparanews.com.br\/?p=14813"},"modified":"2021-04-17T15:36:24","modified_gmt":"2021-04-17T15:36:24","slug":"mais-um-delegado-da-policia-civil-de-alagoas-morre-por-covid","status":"publish","type":"post","link":"https:\/\/www.oparanews.com.br\/index.php\/2021\/04\/17\/mais-um-delegado-da-policia-civil-de-alagoas-morre-por-covid\/","title":{"rendered":"Mais um delegado da Pol\u00edcia Civil de Alagoas morre por Covid"},"content":{"rendered":"<p>A pandemia do novo coronav\u00edrus matou mais um delegado da Pol\u00edcia Civil de Alagoas. Neste s\u00e1bado (17), foi confirmada a morte de C\u00edcero Firmiano, 73 anos, que estava internado h\u00e1 duas semanas no Hospital Unimed, em Macei\u00f3.<\/p>\n<p>Segundo o presidente da Associa\u00e7\u00e3o dos Delegados da Pol\u00edcia Civil, delegado Ant\u00f4nio Carlos Lessa, C\u00edcero Firmiano trabalhou na capital e no interior, estava aposentado, e atuou na investiga\u00e7\u00e3o de crimes cometidos durante a chamada gangue fardada, na d\u00e9cada de 1990.<\/p>\n<p>Tamb\u00e9m morreram ap\u00f3s infec\u00e7\u00e3o pelo coronav\u00edrus, os delegados Ant\u00f4nio Vieira de Barros, Jorge Barbosa, e Israel Tavares dos Santos, os dois \u00faltimos em abril deste ano.<\/p>\n<p>Alagoas registrou, na sexta-feira (16), mais 23 mortes por Covid-19 e 597 casos confirmados. O estado tem, oficialmente, 164.404 infectados e 3.921 \u00f3bitos, segundo o Boletim Epidemiol\u00f3gico da Secretaria de Estado da Sa\u00fade (Sesau).<\/p>\n<p>&nbsp;<\/p>\n<p><strong>Fonte: Gazetaweb<\/strong><\/p>\n<p>&nbsp;<\/p>\n","protected":false},"excerpt":{"rendered":"<p>A pandemia do novo coronav\u00edrus matou mais um delegado da Pol\u00edcia Civil de Alagoas. Neste s\u00e1bado (17), foi confirmada a morte de C\u00edcero Firmiano, 73 anos, que estava internado h\u00e1 duas semanas no Hospital Unimed, em Macei\u00f3. Segundo o presidente da Associa\u00e7\u00e3o dos Delegados da Pol\u00edcia Civil, delegado Ant\u00f4nio Carlos Lessa, C\u00edcero Firmiano trabalhou na &hellip;<\/p>\n","protected":false},"author":1,"featured_media":14814,"comment_status":"closed","ping_status":"closed","sticky":false,"template":"","format":"standard","meta":{"_jetpack_newsletter_access":"","_jetpack_dont_email_post_to_subs":false,"_jetpack_newsletter_tier_id":0,"_jetpack_memberships_contains_paywalled_content":false,"_jetpack_memberships_contains_paid_content":false,"footnotes":""},"categories":[1],"tags":[],"class_list":["post-14813","post","type-post","status-publish","format-standard","has-post-thumbnail","hentry","category-destaque"],"jetpack_sharing_enabled":true,"jetpack_featured_media_url":"","_links":{"self":[{"href":"https:\/\/www.oparanews.com.br\/index.php\/wp-json\/wp\/v2\/posts\/14813","targetHints":{"allow":["GET"]}}],"collection":[{"href":"https:\/\/www.oparanews.com.br\/index.php\/wp-json\/wp\/v2\/posts"}],"about":[{"href":"https:\/\/www.oparanews.com.br\/index.php\/wp-json\/wp\/v2\/types\/post"}],"author":[{"embeddable":true,"href":"https:\/\/www.oparanews.com.br\/index.php\/wp-json\/wp\/v2\/users\/1"}],"replies":[{"embeddable":true,"href":"https:\/\/www.oparanews.com.br\/index.php\/wp-json\/wp\/v2\/comments?post=14813"}],"version-history":[{"count":0,"href":"https:\/\/www.oparanews.com.br\/index.php\/wp-json\/wp\/v2\/posts\/14813\/revisions"}],"wp:attachment":[{"href":"https:\/\/www.oparanews.com.br\/index.php\/wp-json\/wp\/v2\/media?parent=14813"}],"wp:term":[{"taxonomy":"category","embeddable":true,"href":"https:\/\/www.oparanews.com.br\/index.php\/wp-json\/wp\/v2\/categories?post=14813"},{"taxonomy":"post_tag","embeddable":true,"href":"https:\/\/www.oparanews.com.br\/index.php\/wp-json\/wp\/v2\/tags?post=14813"}],"curies":[{"name":"wp","href":"https:\/\/api.w.org\/{rel}","templated":true}]}}