{"id":14831,"date":"2021-04-18T14:25:45","date_gmt":"2021-04-18T14:25:45","guid":{"rendered":"https:\/\/oparanews.com.br\/?p=14831"},"modified":"2021-04-18T14:25:45","modified_gmt":"2021-04-18T14:25:45","slug":"acidente-entre-carro-e-moto-deixa-uma-pessoa-ferida-em-rio-largo","status":"publish","type":"post","link":"https:\/\/www.oparanews.com.br\/index.php\/2021\/04\/18\/acidente-entre-carro-e-moto-deixa-uma-pessoa-ferida-em-rio-largo\/","title":{"rendered":"Acidente entre carro e moto deixa uma pessoa ferida em Rio Largo"},"content":{"rendered":"<p>Um homem de 21 anos ficou ferido ap\u00f3s acidente envolvendo um carro e uma moto na Mata do Rolo, em Rio Largo, neste s\u00e1bado (17). O motociclista precisou ser socorrido.<\/p>\n<p>De acordo com o Corpo de Bombeiros, a v\u00edtima apresentava escoria\u00e7\u00f5es no corpo e fratura na m\u00e3o.<\/p>\n<p>Ele foi encaminhado para o Hospital Geral do Estado (HGE), em Macei\u00f3, para receber atendimento.<\/p>\n<p>&nbsp;<\/p>\n<p><strong>Fonte: G1\/AL<\/strong><\/p>\n<p>&nbsp;<\/p>\n","protected":false},"excerpt":{"rendered":"<p>Um homem de 21 anos ficou ferido ap\u00f3s acidente envolvendo um carro e uma moto na Mata do Rolo, em Rio Largo, neste s\u00e1bado (17). O motociclista precisou ser socorrido. De acordo com o Corpo de Bombeiros, a v\u00edtima apresentava escoria\u00e7\u00f5es no corpo e fratura na m\u00e3o. Ele foi encaminhado para o Hospital Geral do &hellip;<\/p>\n","protected":false},"author":1,"featured_media":14832,"comment_status":"closed","ping_status":"closed","sticky":false,"template":"","format":"standard","meta":{"_jetpack_newsletter_access":"","_jetpack_dont_email_post_to_subs":false,"_jetpack_newsletter_tier_id":0,"_jetpack_memberships_contains_paywalled_content":false,"_jetpack_memberships_contains_paid_content":false,"footnotes":""},"categories":[1],"tags":[],"class_list":["post-14831","post","type-post","status-publish","format-standard","has-post-thumbnail","hentry","category-destaque"],"jetpack_sharing_enabled":true,"jetpack_featured_media_url":"","_links":{"self":[{"href":"https:\/\/www.oparanews.com.br\/index.php\/wp-json\/wp\/v2\/posts\/14831","targetHints":{"allow":["GET"]}}],"collection":[{"href":"https:\/\/www.oparanews.com.br\/index.php\/wp-json\/wp\/v2\/posts"}],"about":[{"href":"https:\/\/www.oparanews.com.br\/index.php\/wp-json\/wp\/v2\/types\/post"}],"author":[{"embeddable":true,"href":"https:\/\/www.oparanews.com.br\/index.php\/wp-json\/wp\/v2\/users\/1"}],"replies":[{"embeddable":true,"href":"https:\/\/www.oparanews.com.br\/index.php\/wp-json\/wp\/v2\/comments?post=14831"}],"version-history":[{"count":0,"href":"https:\/\/www.oparanews.com.br\/index.php\/wp-json\/wp\/v2\/posts\/14831\/revisions"}],"wp:attachment":[{"href":"https:\/\/www.oparanews.com.br\/index.php\/wp-json\/wp\/v2\/media?parent=14831"}],"wp:term":[{"taxonomy":"category","embeddable":true,"href":"https:\/\/www.oparanews.com.br\/index.php\/wp-json\/wp\/v2\/categories?post=14831"},{"taxonomy":"post_tag","embeddable":true,"href":"https:\/\/www.oparanews.com.br\/index.php\/wp-json\/wp\/v2\/tags?post=14831"}],"curies":[{"name":"wp","href":"https:\/\/api.w.org\/{rel}","templated":true}]}}