{"id":14846,"date":"2021-04-18T14:51:09","date_gmt":"2021-04-18T14:51:09","guid":{"rendered":"https:\/\/oparanews.com.br\/?p=14846"},"modified":"2021-04-18T14:51:09","modified_gmt":"2021-04-18T14:51:09","slug":"mulher-de-39-anos-sem-comorbidades-morre-de-covid-19-em-penedo","status":"publish","type":"post","link":"https:\/\/www.oparanews.com.br\/index.php\/2021\/04\/18\/mulher-de-39-anos-sem-comorbidades-morre-de-covid-19-em-penedo\/","title":{"rendered":"Mulher de 39 anos, sem comorbidades, morre de Covid-19 em Penedo"},"content":{"rendered":"<p>A Secretaria Municipal de Sa\u00fade (SEMS), divulgou deste s\u00e1bado (17), o Boletim Epidemiol\u00f3gico atualizado diariamente sobre a pandemia de Covid-19 no munic\u00edpio.<\/p>\n<p>De acordo com o Boletim Epidemiol\u00f3gico mais recente, em Penedo foram confirmados 2946 casos da doen\u00e7a oriunda do novo coronav\u00edrus.<\/p>\n<p><a href=\"https:\/\/oparanews.com.br\/wp-content\/uploads\/2021\/04\/Sem-t\u00edtulo-159.jpg\"><img loading=\"lazy\" decoding=\"async\" class=\"alignleft size-medium wp-image-14847\" src=\"https:\/\/oparanews.com.br\/wp-content\/uploads\/2021\/04\/Sem-t\u00edtulo-159-274x300.jpg\" alt=\"\" width=\"274\" height=\"300\" \/><\/a>Desse total, 2765 pessoas se recuperaram da doen\u00e7a ap\u00f3s passarem pelos cuidados m\u00e9dicos.<\/p>\n<p>A Secretaria Estadual de Sa\u00fade (SESAU) confirmou mais um \u00f3bito por Covid-19 em Penedo, sendo a v\u00edtima residente no Bairro Santa Luzia<\/p>\n<p>De acordo com a SESAU, trata-se de uma mulher, 39 anos e sem comorbidades. Com essa nova atualiza\u00e7\u00e3o, totalizam 31 \u00f3bitos por Covid-19 no munic\u00edpio.<\/p>\n<p>Os n\u00fameros recentes tamb\u00e9m indicam que 2706 casos foram descartados ap\u00f3s constatado n\u00e3o serem Covid-19.<\/p>\n<p><strong>Unidade de Refer\u00eancia em S\u00edndromes Gripais<\/strong><\/p>\n<p>Na Unidade de Refer\u00eancia em S\u00edndromes Gripais durante deste s\u00e1bado (17), ocorreram 54 atendimentos, com a realiza\u00e7\u00e3o de 25 testes r\u00e1pidos, que resultaram em 09 diagn\u00f3sticos positivos e 16 negativos.<\/p>\n<p>A Prefeitura de Penedo informa que a Unidade de S\u00edndromes Gripais localizada na Avenida Wanderlei, nas proximidades do trevo da \u201cToca do \u00cdndio\u201d, est\u00e1 funcionando de Segunda a S\u00e1bado das 7h \u00e0s 17h.<\/p>\n<p>A popula\u00e7\u00e3o deve procurar o centro especializado ao notar os primeiros sintomas de Covid-19.<\/p>\n<p>Tamb\u00e9m alerta a popula\u00e7\u00e3o penedense para a import\u00e2ncia da manuten\u00e7\u00e3o do distanciamento social como medida preventiva, o uso de m\u00e1scaras e a ado\u00e7\u00e3o de medidas de higiene, a exemplo de lavar corretamente as m\u00e3os e utilizar \u00e1lcool 70%.<\/p>\n<p><strong>Casos por localidades<\/strong><\/p>\n<p>O Boletim Epidemiol\u00f3gico deste s\u00e1bado (17), tamb\u00e9m mostra o n\u00famero de casos33 por localidade.<\/p>\n<p>Na frente da contabiliza\u00e7\u00e3o est\u00e1 o Bairro Dom Constantino com 923 casos, situa\u00e7\u00e3o que se mant\u00e9m desde o in\u00edcio da pandemia. Logo em seguida est\u00e1 o Bairro Santa Luzia com 559 e o Centro da cidade com 399.<\/p>\n<p>&nbsp;<\/p>\n<p><strong>Fonte: Decom &#8211; PMP<\/strong><\/p>\n<p>&nbsp;<\/p>\n","protected":false},"excerpt":{"rendered":"<p>A Secretaria Municipal de Sa\u00fade (SEMS), divulgou deste s\u00e1bado (17), o Boletim Epidemiol\u00f3gico atualizado diariamente sobre a pandemia de Covid-19 no munic\u00edpio. De acordo com o Boletim Epidemiol\u00f3gico mais recente, em Penedo foram confirmados 2946 casos da doen\u00e7a oriunda do novo coronav\u00edrus. Desse total, 2765 pessoas se recuperaram da doen\u00e7a ap\u00f3s passarem pelos cuidados m\u00e9dicos. &hellip;<\/p>\n","protected":false},"author":1,"featured_media":10326,"comment_status":"closed","ping_status":"closed","sticky":false,"template":"","format":"standard","meta":{"_jetpack_newsletter_access":"","_jetpack_dont_email_post_to_subs":false,"_jetpack_newsletter_tier_id":0,"_jetpack_memberships_contains_paywalled_content":false,"_jetpack_memberships_contains_paid_content":false,"footnotes":""},"categories":[1],"tags":[],"class_list":["post-14846","post","type-post","status-publish","format-standard","has-post-thumbnail","hentry","category-destaque"],"jetpack_sharing_enabled":true,"jetpack_featured_media_url":"","_links":{"self":[{"href":"https:\/\/www.oparanews.com.br\/index.php\/wp-json\/wp\/v2\/posts\/14846","targetHints":{"allow":["GET"]}}],"collection":[{"href":"https:\/\/www.oparanews.com.br\/index.php\/wp-json\/wp\/v2\/posts"}],"about":[{"href":"https:\/\/www.oparanews.com.br\/index.php\/wp-json\/wp\/v2\/types\/post"}],"author":[{"embeddable":true,"href":"https:\/\/www.oparanews.com.br\/index.php\/wp-json\/wp\/v2\/users\/1"}],"replies":[{"embeddable":true,"href":"https:\/\/www.oparanews.com.br\/index.php\/wp-json\/wp\/v2\/comments?post=14846"}],"version-history":[{"count":0,"href":"https:\/\/www.oparanews.com.br\/index.php\/wp-json\/wp\/v2\/posts\/14846\/revisions"}],"wp:attachment":[{"href":"https:\/\/www.oparanews.com.br\/index.php\/wp-json\/wp\/v2\/media?parent=14846"}],"wp:term":[{"taxonomy":"category","embeddable":true,"href":"https:\/\/www.oparanews.com.br\/index.php\/wp-json\/wp\/v2\/categories?post=14846"},{"taxonomy":"post_tag","embeddable":true,"href":"https:\/\/www.oparanews.com.br\/index.php\/wp-json\/wp\/v2\/tags?post=14846"}],"curies":[{"name":"wp","href":"https:\/\/api.w.org\/{rel}","templated":true}]}}