{"id":14850,"date":"2021-04-18T21:47:48","date_gmt":"2021-04-18T21:47:48","guid":{"rendered":"https:\/\/oparanews.com.br\/?p=14850"},"modified":"2021-04-18T21:47:48","modified_gmt":"2021-04-18T21:47:48","slug":"alagoas-confirma-1-247-casos-e-24-mortes-por-covid-19","status":"publish","type":"post","link":"https:\/\/www.oparanews.com.br\/index.php\/2021\/04\/18\/alagoas-confirma-1-247-casos-e-24-mortes-por-covid-19\/","title":{"rendered":"Alagoas confirma 1.247 casos e 24 mortes por Covid-19"},"content":{"rendered":"<p>Alagoas confirmou 1.247 casos e 24 mortes por Covid-19 nas \u00faltimas 24 horas, segundo o boletim epidemiol\u00f3gico da Secretaria de Estado da Sa\u00fade (Sesau) deste domingo (18).<\/p>\n<p>Desde o come\u00e7o da pandemia, o estado registrou 166.708 casos confirmados e 3.968 \u00f3bitos por Covid-19.<\/p>\n<p>Do total de pessoas infectadas pelo coronav\u00edrus, 158.555 se recuperaram; 3.365 doentes est\u00e3o em tratamento, em isolamento domiciliar.<\/p>\n<p>H\u00e1 9.510 casos suspeitos no estado.<\/p>\n<p>A taxa de ocupa\u00e7\u00e3o dos leitos de UTI no estado \u00e9 de 87%. Em Macei\u00f3, a ocupa\u00e7\u00e3o de UTI \u00e9 de 88%.<\/p>\n<p><strong>Mais 24 mortes por Covid-19<\/strong><\/p>\n<p>Macei\u00f3: Homem, 35 anos \u2013 doen\u00e7a hep\u00e1tica cr\u00f4nica e diabetes<br \/>\nMacei\u00f3: Homem, 40 anos \u2013 obeso<br \/>\nMacei\u00f3: Homem, 42 anos \u2013 obeso<br \/>\nMacei\u00f3: Homem, 59 anos \u2013 hipertenso e obeso<br \/>\nMacei\u00f3: Homem, 73 anos \u2013 hipertenso e diab\u00e9tico<br \/>\nMacei\u00f3: Homem, 88 anos \u2013 diab\u00e9tico<br \/>\nMacei\u00f3: Homem, 92 anos \u2013 hipertenso e tabagista<br \/>\nMacei\u00f3: Mulher, 41 anos \u2013 sem comorbidades<br \/>\nMacei\u00f3: Mulher, 69 anos \u2013 sem comorbidades<br \/>\nMacei\u00f3: Mulher, 71 anos \u2013 diab\u00e9tica e hipertensa<br \/>\nMacei\u00f3: Mulher, 74 anos \u2013 hipertensa<br \/>\nParipueira: Mulher, 61 anos \u2013 hipertens\u00e3o e diabetes<br \/>\nParipueira: Homem, 61 anos \u2013 hipertenso e diab\u00e9tico<br \/>\nMaragogi: Homem, 38 anos \u2013 hipertenso e obeso<br \/>\nCh\u00e3 Preta: Homem, 47 anos \u2013 cardiopatia, hipertens\u00e3o, diabetes e ex-tabagista<br \/>\nPalmeira dos \u00cdndios: Homem, 48 anos \u2013 sem comobidades<br \/>\nIgaci: Homem, 48 anos \u2013 sem comorbidades<br \/>\nJaparatinga: Homem, 57 anos \u2013 sem comorbidades<br \/>\nJacar\u00e9 dos Homens: Homem, 57 anos \u2013 sem comorbidades<br \/>\nTeot\u00f4nio Vilela: Homem, 61 anos \u2013 hipertenso e diab\u00e9tico<br \/>\nGirau do Ponciano: Homem, 64 anos \u2013 sem comorbidades<br \/>\nPiranhas: Homem, 69 anos \u2013 sem comorbidadades<br \/>\nMarechal Deodoro: Mulher, 55 anos \u2013 hipertensa<br \/>\nP\u00e3o de A\u00e7\u00facar: Mulher, 56 anos \u2013 hipertensa e diab\u00e9tica<\/p>\n<p>&nbsp;<\/p>\n<p><strong>Fonte: G1\/AL<\/strong><\/p>\n<p>&nbsp;<\/p>\n","protected":false},"excerpt":{"rendered":"<p>Alagoas confirmou 1.247 casos e 24 mortes por Covid-19 nas \u00faltimas 24 horas, segundo o boletim epidemiol\u00f3gico da Secretaria de Estado da Sa\u00fade (Sesau) deste domingo (18). Desde o come\u00e7o da pandemia, o estado registrou 166.708 casos confirmados e 3.968 \u00f3bitos por Covid-19. Do total de pessoas infectadas pelo coronav\u00edrus, 158.555 se recuperaram; 3.365 doentes &hellip;<\/p>\n","protected":false},"author":1,"featured_media":5161,"comment_status":"closed","ping_status":"closed","sticky":false,"template":"","format":"standard","meta":{"_jetpack_newsletter_access":"","_jetpack_dont_email_post_to_subs":false,"_jetpack_newsletter_tier_id":0,"_jetpack_memberships_contains_paywalled_content":false,"_jetpack_memberships_contains_paid_content":false,"footnotes":""},"categories":[1],"tags":[],"class_list":["post-14850","post","type-post","status-publish","format-standard","has-post-thumbnail","hentry","category-destaque"],"jetpack_sharing_enabled":true,"jetpack_featured_media_url":"","_links":{"self":[{"href":"https:\/\/www.oparanews.com.br\/index.php\/wp-json\/wp\/v2\/posts\/14850","targetHints":{"allow":["GET"]}}],"collection":[{"href":"https:\/\/www.oparanews.com.br\/index.php\/wp-json\/wp\/v2\/posts"}],"about":[{"href":"https:\/\/www.oparanews.com.br\/index.php\/wp-json\/wp\/v2\/types\/post"}],"author":[{"embeddable":true,"href":"https:\/\/www.oparanews.com.br\/index.php\/wp-json\/wp\/v2\/users\/1"}],"replies":[{"embeddable":true,"href":"https:\/\/www.oparanews.com.br\/index.php\/wp-json\/wp\/v2\/comments?post=14850"}],"version-history":[{"count":0,"href":"https:\/\/www.oparanews.com.br\/index.php\/wp-json\/wp\/v2\/posts\/14850\/revisions"}],"wp:attachment":[{"href":"https:\/\/www.oparanews.com.br\/index.php\/wp-json\/wp\/v2\/media?parent=14850"}],"wp:term":[{"taxonomy":"category","embeddable":true,"href":"https:\/\/www.oparanews.com.br\/index.php\/wp-json\/wp\/v2\/categories?post=14850"},{"taxonomy":"post_tag","embeddable":true,"href":"https:\/\/www.oparanews.com.br\/index.php\/wp-json\/wp\/v2\/tags?post=14850"}],"curies":[{"name":"wp","href":"https:\/\/api.w.org\/{rel}","templated":true}]}}