{"id":14861,"date":"2021-04-18T23:17:14","date_gmt":"2021-04-18T23:17:14","guid":{"rendered":"https:\/\/oparanews.com.br\/?p=14861"},"modified":"2021-04-18T23:17:14","modified_gmt":"2021-04-18T23:17:14","slug":"atriz-sai-de-apartamento-por-nao-conseguir-pagar-condominio","status":"publish","type":"post","link":"https:\/\/www.oparanews.com.br\/index.php\/2021\/04\/18\/atriz-sai-de-apartamento-por-nao-conseguir-pagar-condominio\/","title":{"rendered":"Atriz sai de apartamento por n\u00e3o conseguir pagar condom\u00ednio"},"content":{"rendered":"<p>Sem contrato com a Globo, a atriz Suely Franco, de 81 anos, que atuou em mais de 30 novelas da emissora, n\u00e3o conseguiu pagar o condom\u00ednio do apartamento onde morava e teve que se mudar.<\/p>\n<p>A int\u00e9rprete de Marlene de &#8220;A Dona do Peda\u00e7o&#8221; (2019) revelou, em nota enviada \u00e0 coluna de Ancelmo Gois, no jornal O Globo, que estava morando num apartamento localizado no bairro do Catete, zona sul do Rio de Janeiro, porque tinha problemas no joelho, o que a fez sair de sua casa com escadas. Sem trabalhos, por\u00e9m, ela n\u00e3o teve como sustentar o im\u00f3vel e voltou ao antigo endere\u00e7o, Onde sofre com escadas.<\/p>\n<p>No relato, ela explicou: &#8220;Tenho problemas no joelho e precisei sair da minha casa por conta das escadas. Aluguei um apartamento no Catete, por\u00e9m tive de retornar ao antigo endere\u00e7o por n\u00e3o conseguir pagar o condom\u00ednio. Apesar de ter participado de duas leituras online de um espet\u00e1culo contemplado pela Lei Aldir Blanc, estou me mantendo gra\u00e7as a algumas economias de uma vida dedicada \u00e0 arte. Hoje estou isolada, j\u00e1 tomei a primeira dose da vacina e aguardo a segunda dose em maio, esperando dias melhores com a retomada das nossas atividades&#8221;.<\/p>\n<p>Ela contou que o fechamento dos teatros, por conta da pandemia, dificultou a possibilidade de encontrar trabalho para bancar suas despesas.<\/p>\n<p>&#8220;O teatro representa a minha vida, meu cora\u00e7\u00e3o, meus pulm\u00f5es. Sem ele, n\u00e3o h\u00e1 vida, fica tudo muito dif\u00edcil. Eu sinto falta do p\u00fablico, dos aplausos e dos companheiros das coxias. Ficar sem subir num palco \u00e9 a morte em vida. Eu n\u00e3o sou contratada de nenhuma emissora e dependo do teatro para meu sustento&#8221;, escreveu.<\/p>\n<p>&nbsp;<\/p>\n<p><strong>Fonte: Pipoca Moderna<\/strong><\/p>\n<p>&nbsp;<\/p>\n","protected":false},"excerpt":{"rendered":"<p>Sem contrato com a Globo, a atriz Suely Franco, de 81 anos, que atuou em mais de 30 novelas da emissora, n\u00e3o conseguiu pagar o condom\u00ednio do apartamento onde morava e teve que se mudar. A int\u00e9rprete de Marlene de &#8220;A Dona do Peda\u00e7o&#8221; (2019) revelou, em nota enviada \u00e0 coluna de Ancelmo Gois, no &hellip;<\/p>\n","protected":false},"author":1,"featured_media":14862,"comment_status":"closed","ping_status":"closed","sticky":false,"template":"","format":"standard","meta":{"_jetpack_newsletter_access":"","_jetpack_dont_email_post_to_subs":false,"_jetpack_newsletter_tier_id":0,"_jetpack_memberships_contains_paywalled_content":false,"_jetpack_memberships_contains_paid_content":false,"footnotes":""},"categories":[1],"tags":[],"class_list":["post-14861","post","type-post","status-publish","format-standard","has-post-thumbnail","hentry","category-destaque"],"jetpack_sharing_enabled":true,"jetpack_featured_media_url":"","_links":{"self":[{"href":"https:\/\/www.oparanews.com.br\/index.php\/wp-json\/wp\/v2\/posts\/14861","targetHints":{"allow":["GET"]}}],"collection":[{"href":"https:\/\/www.oparanews.com.br\/index.php\/wp-json\/wp\/v2\/posts"}],"about":[{"href":"https:\/\/www.oparanews.com.br\/index.php\/wp-json\/wp\/v2\/types\/post"}],"author":[{"embeddable":true,"href":"https:\/\/www.oparanews.com.br\/index.php\/wp-json\/wp\/v2\/users\/1"}],"replies":[{"embeddable":true,"href":"https:\/\/www.oparanews.com.br\/index.php\/wp-json\/wp\/v2\/comments?post=14861"}],"version-history":[{"count":0,"href":"https:\/\/www.oparanews.com.br\/index.php\/wp-json\/wp\/v2\/posts\/14861\/revisions"}],"wp:attachment":[{"href":"https:\/\/www.oparanews.com.br\/index.php\/wp-json\/wp\/v2\/media?parent=14861"}],"wp:term":[{"taxonomy":"category","embeddable":true,"href":"https:\/\/www.oparanews.com.br\/index.php\/wp-json\/wp\/v2\/categories?post=14861"},{"taxonomy":"post_tag","embeddable":true,"href":"https:\/\/www.oparanews.com.br\/index.php\/wp-json\/wp\/v2\/tags?post=14861"}],"curies":[{"name":"wp","href":"https:\/\/api.w.org\/{rel}","templated":true}]}}