{"id":14864,"date":"2021-04-18T23:19:34","date_gmt":"2021-04-18T23:19:34","guid":{"rendered":"https:\/\/oparanews.com.br\/?p=14864"},"modified":"2021-04-18T23:19:34","modified_gmt":"2021-04-18T23:19:34","slug":"xuxa-e-detonada-na-web-apos-dizer-que-queria-ser-negra","status":"publish","type":"post","link":"https:\/\/www.oparanews.com.br\/index.php\/2021\/04\/18\/xuxa-e-detonada-na-web-apos-dizer-que-queria-ser-negra\/","title":{"rendered":"Xuxa \u00e9 detonada na web ap\u00f3s dizer que queria ser negra"},"content":{"rendered":"<p>Xuxa Meneghel gerou mais uma pol\u00eamica ap\u00f3s conceder uma entrevista a Ta\u00eds Ara\u00fajo, no programa Superbonita, do GNT. A apresentadora foi duramente criticada na web ap\u00f3s afirmar que gostaria de ser negra em uma pr\u00f3xima gera\u00e7\u00e3o.<\/p>\n<p>\u201cTa\u00eds, eu gostaria de vir com a sua cor, seu cabelo, sua pele\u201c, frisou Xuxa, ao ser questionada sobre como gostaria de ser em uma pr\u00f3xima vida. A esposa de L\u00e1zaro Ramos rebateu: \u201cSer preta n\u00e3o \u00e9 mole n\u00e3o. Depois te conto o que \u00e9 vir preta nesse pa\u00eds e nesse mundo\u201c.<\/p>\n<p>A loira ent\u00e3o continuou: \u201cEu ia me amar muito, ia me olhar no espelho toda hora\u201c. A atriz ent\u00e3o complementou: \u201cEu tamb\u00e9m me amo, mas o problema n\u00e3o sou eu. \u00c9 o mundo l\u00e1 fora\u201c.<\/p>\n<p>Em seguida, Meneghel refor\u00e7ou: \u201cQuando eu olho as pessoas com a cor da sua pele, o seu cabelo\u2026 Eu tenho pouco cabelo. Tenho uma pele que queria muito que fosse dourada, morena, negra. Se pudesse escolher, queria vir assim\u201c. Para finalizar o assunto, Ara\u00fajo afirmou: \u201cPede pra vir com o esp\u00edrito preparado pra aguentar bomba tamb\u00e9m\u201c.<\/p>\n<p>Nas redes sociais, a declara\u00e7\u00e3o virou um dos assuntos mais comentados da web. \u201cA Ta\u00eds foi muito paciente, eu teria deixado ela falando sozinha\u201c, reclamou uma. \u201cAlgu\u00e9m interdita essa mulher\u201c, pediu outro. \u201cCada vez sinto mais vergonha de ter crescido f\u00e3 da Xuxa\u201c, lamentou mais um.<\/p>\n<p>Cabe lembrar que, recentemente, a eterna Rainha dos Baixinhos foi criticada ap\u00f3s afirmar que desejava que os presidi\u00e1rios fossem utilizados para fazer testes de produtos ao inv\u00e9s de realizarem esse tipo de processo com animais.<\/p>\n<p>\u201cEu tenho um pensamento que pode parecer muito ruim para as pessoas, desumano\u2026 Na minha opini\u00e3o, existem muitas pessoas que fizeram muitas, muitas coisas erradas e est\u00e3o a\u00ed pagando pelos seus erros num ad eternum, para sempre em pris\u00f5es. Poderiam ajudar nesses casos\u201c, afirmou na ocasi\u00e3o. Ela ent\u00e3o acrescentou: \u201cPelo menos serviriam para alguma coisa antes de morrer, para ajudar a salvar vidas\u201c.<\/p>\n<p>\u201cA\u00ed vai vir um pessoal dos Direitos Humanos e dizer que \u2018n\u00e3o, eles n\u00e3o podem ser usados\u2019. Mas acho que se s\u00e3o pessoas que est\u00e1 provado que ir\u00e3o passar sessenta anos na cadeia, cinquenta anos na cadeia e que ir\u00e3o morrer l\u00e1, acho que poderiam usar ao menos um pouco da vidas delas para ajudar outras pessoas. Provando rem\u00e9dios, vacinas, provando tudo nessas pessoas\u201c, completou.<\/p>\n<p>Ap\u00f3s diversas acusa\u00e7\u00f5es e repercuss\u00f5es negativas, Xuxa chegou a pedir desculpas.<\/p>\n<p>&nbsp;<\/p>\n<p><strong>Fonte: RD1<\/strong><\/p>\n<p>&nbsp;<\/p>\n","protected":false},"excerpt":{"rendered":"<p>Xuxa Meneghel gerou mais uma pol\u00eamica ap\u00f3s conceder uma entrevista a Ta\u00eds Ara\u00fajo, no programa Superbonita, do GNT. A apresentadora foi duramente criticada na web ap\u00f3s afirmar que gostaria de ser negra em uma pr\u00f3xima gera\u00e7\u00e3o. \u201cTa\u00eds, eu gostaria de vir com a sua cor, seu cabelo, sua pele\u201c, frisou Xuxa, ao ser questionada sobre &hellip;<\/p>\n","protected":false},"author":1,"featured_media":14865,"comment_status":"closed","ping_status":"closed","sticky":false,"template":"","format":"standard","meta":{"_jetpack_newsletter_access":"","_jetpack_dont_email_post_to_subs":false,"_jetpack_newsletter_tier_id":0,"_jetpack_memberships_contains_paywalled_content":false,"_jetpack_memberships_contains_paid_content":false,"footnotes":""},"categories":[1],"tags":[],"class_list":["post-14864","post","type-post","status-publish","format-standard","has-post-thumbnail","hentry","category-destaque"],"jetpack_sharing_enabled":true,"jetpack_featured_media_url":"","_links":{"self":[{"href":"https:\/\/www.oparanews.com.br\/index.php\/wp-json\/wp\/v2\/posts\/14864","targetHints":{"allow":["GET"]}}],"collection":[{"href":"https:\/\/www.oparanews.com.br\/index.php\/wp-json\/wp\/v2\/posts"}],"about":[{"href":"https:\/\/www.oparanews.com.br\/index.php\/wp-json\/wp\/v2\/types\/post"}],"author":[{"embeddable":true,"href":"https:\/\/www.oparanews.com.br\/index.php\/wp-json\/wp\/v2\/users\/1"}],"replies":[{"embeddable":true,"href":"https:\/\/www.oparanews.com.br\/index.php\/wp-json\/wp\/v2\/comments?post=14864"}],"version-history":[{"count":0,"href":"https:\/\/www.oparanews.com.br\/index.php\/wp-json\/wp\/v2\/posts\/14864\/revisions"}],"wp:attachment":[{"href":"https:\/\/www.oparanews.com.br\/index.php\/wp-json\/wp\/v2\/media?parent=14864"}],"wp:term":[{"taxonomy":"category","embeddable":true,"href":"https:\/\/www.oparanews.com.br\/index.php\/wp-json\/wp\/v2\/categories?post=14864"},{"taxonomy":"post_tag","embeddable":true,"href":"https:\/\/www.oparanews.com.br\/index.php\/wp-json\/wp\/v2\/tags?post=14864"}],"curies":[{"name":"wp","href":"https:\/\/api.w.org\/{rel}","templated":true}]}}