{"id":14867,"date":"2021-04-18T23:21:27","date_gmt":"2021-04-18T23:21:27","guid":{"rendered":"https:\/\/oparanews.com.br\/?p=14867"},"modified":"2021-04-18T23:21:27","modified_gmt":"2021-04-18T23:21:27","slug":"no-limite-vai-comecar-antes-da-final-do-bbb-2021","status":"publish","type":"post","link":"https:\/\/www.oparanews.com.br\/index.php\/2021\/04\/18\/no-limite-vai-comecar-antes-da-final-do-bbb-2021\/","title":{"rendered":"No Limite vai \u201ccome\u00e7ar\u201d antes da final do BBB 2021"},"content":{"rendered":"<p>Andr\u00e9 Marques vai comandar a nova temporada de No Limite, que deve iniciar as grava\u00e7\u00f5es antes mesmo da final do BBB 2021, programada para a primeira semana de maio. Especula\u00e7\u00f5es sobre os participantes seguem a todo vapor, inclusive com a poss\u00edvel presen\u00e7a de Rafael Portugal.<\/p>\n<p>De acordo com as informa\u00e7\u00f5es da jornalista Patricia Kogut, do jornal O Globo, a ideia de contar com o apresentador do CAT BBB est\u00e1 descartada pela dire\u00e7\u00e3o. Portugal \u00e9 um dos acertos da nova fase do Big Brother Brasil e Boninho n\u00e3o vai mexer no que est\u00e1 dando bons resultados.<\/p>\n<p>\u201cA gente falava sempre do \u2018No Limite\u2019 no \u2018V\u00eddeo Show\u2019. J\u00e1 assisti ao original, gringo, para ver as provas, para aprender. Sobre apresentar o programa, sei que o p\u00fablico comenta, compara \u00e0s vezes. Embora a gente acredite que n\u00e3o se compara um artista com o outro n\u00e9\u201c, refletiu Andr\u00e9.<\/p>\n<p>\u201cSempre tem algu\u00e9m de quem a pessoa gosta mais e, \u00e9 claro, n\u00e3o tem como imitar o que um apresentador faz. Ningu\u00e9m \u00e9 igual a ningu\u00e9m\u201c, defendeu o global, que completou 27 anos na empresa.<\/p>\n<p>Como apresentador do novo No Limite, Andr\u00e9 Marques prometeu firmeza com os participantes, durante as provas e em poss\u00edveis pol\u00eamicas dentro do jogo:<\/p>\n<p><em>\u201cN\u00e3o fa\u00e7o personagem. Se eu errar, assumo que errei. Estou ali para isso. No reality, o apresentador \u00e9 um t\u00e9cnico, um juiz comandando e ditando o ritmo das provas\u201c.<\/em><\/p>\n<p>Ao todo, 18 ex-participantes do Big Brother Brasil foram convidados para o reality show. A estreia est\u00e1 programada para o dia 11 de maio, com epis\u00f3dios sempre nas noites de ter\u00e7a-feira. Os nomes ainda n\u00e3o foram revelados pela Globo. A lista oficial ser\u00e1 divulgada na reta final do BBB 2021.<\/p>\n<p>\u201cN\u00e3o estou ali para fazer amigos nem agradar cem por cento quem est\u00e1 em casa. Minha fun\u00e7\u00e3o \u00e9 executar o trabalho para que a Globo me escolheu: ver se algu\u00e9m pisou na linha, comandar o espet\u00e1culo\u201c, prometeu Andr\u00e9 Marques.<\/p>\n<p>&nbsp;<\/p>\n<p><strong>Fonte: RD1<\/strong><\/p>\n<p>&nbsp;<\/p>\n","protected":false},"excerpt":{"rendered":"<p>Andr\u00e9 Marques vai comandar a nova temporada de No Limite, que deve iniciar as grava\u00e7\u00f5es antes mesmo da final do BBB 2021, programada para a primeira semana de maio. Especula\u00e7\u00f5es sobre os participantes seguem a todo vapor, inclusive com a poss\u00edvel presen\u00e7a de Rafael Portugal. De acordo com as informa\u00e7\u00f5es da jornalista Patricia Kogut, do &hellip;<\/p>\n","protected":false},"author":1,"featured_media":14868,"comment_status":"closed","ping_status":"closed","sticky":false,"template":"","format":"standard","meta":{"_jetpack_newsletter_access":"","_jetpack_dont_email_post_to_subs":false,"_jetpack_newsletter_tier_id":0,"_jetpack_memberships_contains_paywalled_content":false,"_jetpack_memberships_contains_paid_content":false,"footnotes":""},"categories":[1],"tags":[],"class_list":["post-14867","post","type-post","status-publish","format-standard","has-post-thumbnail","hentry","category-destaque"],"jetpack_sharing_enabled":true,"jetpack_featured_media_url":"","_links":{"self":[{"href":"https:\/\/www.oparanews.com.br\/index.php\/wp-json\/wp\/v2\/posts\/14867","targetHints":{"allow":["GET"]}}],"collection":[{"href":"https:\/\/www.oparanews.com.br\/index.php\/wp-json\/wp\/v2\/posts"}],"about":[{"href":"https:\/\/www.oparanews.com.br\/index.php\/wp-json\/wp\/v2\/types\/post"}],"author":[{"embeddable":true,"href":"https:\/\/www.oparanews.com.br\/index.php\/wp-json\/wp\/v2\/users\/1"}],"replies":[{"embeddable":true,"href":"https:\/\/www.oparanews.com.br\/index.php\/wp-json\/wp\/v2\/comments?post=14867"}],"version-history":[{"count":0,"href":"https:\/\/www.oparanews.com.br\/index.php\/wp-json\/wp\/v2\/posts\/14867\/revisions"}],"wp:attachment":[{"href":"https:\/\/www.oparanews.com.br\/index.php\/wp-json\/wp\/v2\/media?parent=14867"}],"wp:term":[{"taxonomy":"category","embeddable":true,"href":"https:\/\/www.oparanews.com.br\/index.php\/wp-json\/wp\/v2\/categories?post=14867"},{"taxonomy":"post_tag","embeddable":true,"href":"https:\/\/www.oparanews.com.br\/index.php\/wp-json\/wp\/v2\/tags?post=14867"}],"curies":[{"name":"wp","href":"https:\/\/api.w.org\/{rel}","templated":true}]}}