{"id":14886,"date":"2021-04-19T16:17:58","date_gmt":"2021-04-19T16:17:58","guid":{"rendered":"https:\/\/oparanews.com.br\/?p=14886"},"modified":"2021-04-19T16:17:58","modified_gmt":"2021-04-19T16:17:58","slug":"feira-da-agricultura-familiar-e-adiada-em-funcao-de-feriado-nacional","status":"publish","type":"post","link":"https:\/\/www.oparanews.com.br\/index.php\/2021\/04\/19\/feira-da-agricultura-familiar-e-adiada-em-funcao-de-feriado-nacional\/","title":{"rendered":"Feira da Agricultura Familiar \u00e9 adiada em fun\u00e7\u00e3o de feriado nacional"},"content":{"rendered":"<p>A Feira da Agricultura Familiar organizada pela Prefeitura de Penedo que tradicionalmente acontece \u00e0s quartas-feiras tem sua realiza\u00e7\u00e3o adiada nesta semana.<\/p>\n<p>O motivo \u00e9 o feriado nacional de 21 de abril, quando se homenageia Tiradentes, m\u00e1rtir da Independ\u00eancia do Brasil.<\/p>\n<p>De acordo com o calend\u00e1rio mensal da Secretaria Municipal de Abastecimento e Desenvolvimento Agr\u00edcola (SEMADA), a Feira da Agricultura Familiar desta semana acontece na Pra\u00e7a do bairro Santa Luzia, como \u00e9 conhecido o logradouro oficialmente denominado Parque Adail Freire Pereira.<\/p>\n<p>A Feira da Agricultura Familiar \u00e9 um programa desenvolvido pela Prefeitura de Penedo desde 2018, a\u00e7\u00e3o de apoio aos pequenos produtores rurais que cultivam alimentos sem uso de agrot\u00f3xicos.<\/p>\n<p>Os agricultores recebem assist\u00eancia t\u00e9cnica, inclusive preparo do solo, e podem comercializar o que produzem diretamente aos consumidores, sem interfer\u00eancia de atravessadores.<\/p>\n<p>A Feira da Agricultura Familiar acontece uma vez por semana, em locais alternados, na Pra\u00e7a Santa Luzia e na Pra\u00e7a Ces\u00e1rio Proc\u00f3pio dos Martyres, situado no Conjunto Jos\u00e9 Morares Lopes (COHAB), sempre no per\u00edodo da tarde.<\/p>\n<p>&nbsp;<\/p>\n<p><strong>Fonte: Decom &#8211; PMP<\/strong><\/p>\n<p>&nbsp;<\/p>\n","protected":false},"excerpt":{"rendered":"<p>A Feira da Agricultura Familiar organizada pela Prefeitura de Penedo que tradicionalmente acontece \u00e0s quartas-feiras tem sua realiza\u00e7\u00e3o adiada nesta semana. O motivo \u00e9 o feriado nacional de 21 de abril, quando se homenageia Tiradentes, m\u00e1rtir da Independ\u00eancia do Brasil. De acordo com o calend\u00e1rio mensal da Secretaria Municipal de Abastecimento e Desenvolvimento Agr\u00edcola (SEMADA), &hellip;<\/p>\n","protected":false},"author":1,"featured_media":14887,"comment_status":"closed","ping_status":"closed","sticky":false,"template":"","format":"standard","meta":{"_jetpack_newsletter_access":"","_jetpack_dont_email_post_to_subs":false,"_jetpack_newsletter_tier_id":0,"_jetpack_memberships_contains_paywalled_content":false,"_jetpack_memberships_contains_paid_content":false,"footnotes":""},"categories":[1],"tags":[],"class_list":["post-14886","post","type-post","status-publish","format-standard","has-post-thumbnail","hentry","category-destaque"],"jetpack_sharing_enabled":true,"jetpack_featured_media_url":"","_links":{"self":[{"href":"https:\/\/www.oparanews.com.br\/index.php\/wp-json\/wp\/v2\/posts\/14886","targetHints":{"allow":["GET"]}}],"collection":[{"href":"https:\/\/www.oparanews.com.br\/index.php\/wp-json\/wp\/v2\/posts"}],"about":[{"href":"https:\/\/www.oparanews.com.br\/index.php\/wp-json\/wp\/v2\/types\/post"}],"author":[{"embeddable":true,"href":"https:\/\/www.oparanews.com.br\/index.php\/wp-json\/wp\/v2\/users\/1"}],"replies":[{"embeddable":true,"href":"https:\/\/www.oparanews.com.br\/index.php\/wp-json\/wp\/v2\/comments?post=14886"}],"version-history":[{"count":0,"href":"https:\/\/www.oparanews.com.br\/index.php\/wp-json\/wp\/v2\/posts\/14886\/revisions"}],"wp:attachment":[{"href":"https:\/\/www.oparanews.com.br\/index.php\/wp-json\/wp\/v2\/media?parent=14886"}],"wp:term":[{"taxonomy":"category","embeddable":true,"href":"https:\/\/www.oparanews.com.br\/index.php\/wp-json\/wp\/v2\/categories?post=14886"},{"taxonomy":"post_tag","embeddable":true,"href":"https:\/\/www.oparanews.com.br\/index.php\/wp-json\/wp\/v2\/tags?post=14886"}],"curies":[{"name":"wp","href":"https:\/\/api.w.org\/{rel}","templated":true}]}}