{"id":14895,"date":"2021-04-19T23:42:53","date_gmt":"2021-04-19T23:42:53","guid":{"rendered":"https:\/\/oparanews.com.br\/?p=14895"},"modified":"2021-04-19T23:42:53","modified_gmt":"2021-04-19T23:42:53","slug":"boletim-cita-sinais-de-recuperacao-de-paulo-gustavo","status":"publish","type":"post","link":"https:\/\/www.oparanews.com.br\/index.php\/2021\/04\/19\/boletim-cita-sinais-de-recuperacao-de-paulo-gustavo\/","title":{"rendered":"Boletim cita sinais de recupera\u00e7\u00e3o de Paulo Gustavo"},"content":{"rendered":"<p>Um novo boletim m\u00e9dico do ator Paulo Gustavo foi divulgado na tarde desta segunda-feira (19) por sua assessoria de imprensa. O documento diz que o estado de Paulo ainda \u00e9 grave, mas que ele segue apresentando melhora.<\/p>\n<p>\u201cFelizmente, n\u00e3o surgiram novas complica\u00e7\u00f5es nos \u00faltimos quatro dias. O quadro cl\u00ednico do paciente, embora ainda preocupante, \u00e9 de estabilidade, com alguns sinais mais evidentes de recupera\u00e7\u00e3o das fun\u00e7\u00f5es pulmonares. Tamb\u00e9m verificamos boa responsividade aos pequenos est\u00edmulos&#8221;, diz trecho do boletim.<\/p>\n<p>O documento afirma ainda h\u00e1 necessidade de uso do ECMO (terapia de oxigena\u00e7\u00e3o por membrana extracorp\u00f3rea) , assim como a ventila\u00e7\u00e3o mec\u00e2nica.<\/p>\n<p>Depoimento emocionado de amiga<\/p>\n<p>A boa not\u00edcia da equipe m\u00e9dica vai de encontro ao depoimento que a diretora Susana Garcia, amiga de Paulo, postou em uma rede social tamb\u00e9m nesta segunda.<\/p>\n<p>Ela conta que &#8220;conversou&#8221; com o ator e que ele deu sinais de rea\u00e7\u00e3o durante uma visita no domingo (18).<\/p>\n<p>&#8220;Ontem [domingo] foi um dia muito especial com voc\u00ea. Assim que cheguei, comecei conversando com voc\u00ea e vi na hora que aumentou a sua frequ\u00eancia card\u00edaca e a respirat\u00f3ria. Te perguntei se voc\u00ea estava me ouvindo e pedi pra voc\u00ea mexer a sua cabe\u00e7a. Voc\u00ea mexeu duas vezes e tentou abrir a boca. Fiquei de m\u00e3o dada com voc\u00ea e pedi pra voc\u00ea apertar a minha m\u00e3o e voc\u00ea apertou fraquinho. Naquele momento, eu percebi que voc\u00ea estava conectado comigo e me ouvindo&#8221;, escreveu a diretora nesta segunda-feira (19).<\/p>\n<p>A melhora no quadro de Paulo vem depois de uma semana em que ele enfrentou v\u00e1rias interven\u00e7\u00f5es como broncoscopias e alguns procedimentos cir\u00fargicos, como informado em um boletim no dia 15 de abril.<\/p>\n<p>&#8220;Fiquei emocionada com vontade de chorar, mas eu n\u00e3o podia chorar. Respirei fundo e comecei a falar coisas alegres. Disse o quanto voc\u00ea est\u00e1 se recuperando e como todos n\u00f3s estamos com saudades. Falei o nome de cada um da sua fam\u00edlia, o quanto eles te amam. Dea e Ju rezam o dia inteiro por voc\u00ea. Falei que o Thales est\u00e1 ali com voc\u00ea todo o tempo. Que n\u00e3o desgruda de voc\u00ea. Todos os dias. O dia inteiro.&#8221;<\/p>\n<p>Susana afirmou tamb\u00e9m: &#8220;E \u00e0 medida que eu ia falando, eu perguntava se voc\u00ea estava me ouvindo e voc\u00ea balan\u00e7ava a cabe\u00e7a. Eu falei que os seus amigos rezam por voc\u00ea o dia inteiro. Falei do Brasil todo orando por voc\u00ea. Disse que voc\u00ea une as pessoas pelo afeto, pelo amor&#8221;.<\/p>\n<p>Ela disse ainda que \u00e9 emocionante ver o carinho dos enfermeiros com Paulo Gustavo e que sentiu &#8220;vontade de compartilhar essa alegria e o seu progresso com todo mundo&#8221;.<\/p>\n<p>\u201c[&#8230;] Uma enfermeira me disse uma coisa que me emocionou: ela falou que o coment\u00e1rio no hospital \u00e9 que o dia que voc\u00ea sair, o corredor da UTI n\u00e3o ser\u00e1 largo o suficiente pra receber todo mundo que estar\u00e1 te aplaudindo.&#8221;<\/p>\n<p>&nbsp;<\/p>\n<p><strong>Fonte: G1<\/strong><\/p>\n<p>&nbsp;<\/p>\n","protected":false},"excerpt":{"rendered":"<p>Um novo boletim m\u00e9dico do ator Paulo Gustavo foi divulgado na tarde desta segunda-feira (19) por sua assessoria de imprensa. O documento diz que o estado de Paulo ainda \u00e9 grave, mas que ele segue apresentando melhora. \u201cFelizmente, n\u00e3o surgiram novas complica\u00e7\u00f5es nos \u00faltimos quatro dias. O quadro cl\u00ednico do paciente, embora ainda preocupante, \u00e9 &hellip;<\/p>\n","protected":false},"author":1,"featured_media":14896,"comment_status":"closed","ping_status":"closed","sticky":false,"template":"","format":"standard","meta":{"_jetpack_newsletter_access":"","_jetpack_dont_email_post_to_subs":false,"_jetpack_newsletter_tier_id":0,"_jetpack_memberships_contains_paywalled_content":false,"_jetpack_memberships_contains_paid_content":false,"footnotes":""},"categories":[1],"tags":[],"class_list":["post-14895","post","type-post","status-publish","format-standard","has-post-thumbnail","hentry","category-destaque"],"jetpack_sharing_enabled":true,"jetpack_featured_media_url":"","_links":{"self":[{"href":"https:\/\/www.oparanews.com.br\/index.php\/wp-json\/wp\/v2\/posts\/14895","targetHints":{"allow":["GET"]}}],"collection":[{"href":"https:\/\/www.oparanews.com.br\/index.php\/wp-json\/wp\/v2\/posts"}],"about":[{"href":"https:\/\/www.oparanews.com.br\/index.php\/wp-json\/wp\/v2\/types\/post"}],"author":[{"embeddable":true,"href":"https:\/\/www.oparanews.com.br\/index.php\/wp-json\/wp\/v2\/users\/1"}],"replies":[{"embeddable":true,"href":"https:\/\/www.oparanews.com.br\/index.php\/wp-json\/wp\/v2\/comments?post=14895"}],"version-history":[{"count":0,"href":"https:\/\/www.oparanews.com.br\/index.php\/wp-json\/wp\/v2\/posts\/14895\/revisions"}],"wp:attachment":[{"href":"https:\/\/www.oparanews.com.br\/index.php\/wp-json\/wp\/v2\/media?parent=14895"}],"wp:term":[{"taxonomy":"category","embeddable":true,"href":"https:\/\/www.oparanews.com.br\/index.php\/wp-json\/wp\/v2\/categories?post=14895"},{"taxonomy":"post_tag","embeddable":true,"href":"https:\/\/www.oparanews.com.br\/index.php\/wp-json\/wp\/v2\/tags?post=14895"}],"curies":[{"name":"wp","href":"https:\/\/api.w.org\/{rel}","templated":true}]}}