{"id":14898,"date":"2021-04-19T23:43:35","date_gmt":"2021-04-19T23:43:35","guid":{"rendered":"https:\/\/oparanews.com.br\/?p=14898"},"modified":"2021-04-19T23:43:35","modified_gmt":"2021-04-19T23:43:35","slug":"internado-com-covid-19-renan-dal-zotto-e-intubado","status":"publish","type":"post","link":"https:\/\/www.oparanews.com.br\/index.php\/2021\/04\/19\/internado-com-covid-19-renan-dal-zotto-e-intubado\/","title":{"rendered":"Internado com covid-19, Renan Dal Zotto \u00e9 intubado"},"content":{"rendered":"<p>O t\u00e9cnico Renan Dal Zotto, da Sele\u00e7\u00e3o Brasileira masculina de v\u00f4lei, precisou ser intubado nesta segunda-feira por complica\u00e7\u00f5es da covid-19. Internado desde a \u00faltima sexta em um hospital no Rio de Janeiro, o treinador teve de passar pelo procedimento para manter o n\u00edvel de satura\u00e7\u00e3o de oxig\u00eanio mais alta, de acordo com informa\u00e7\u00f5es divulgadas pela Confedera\u00e7\u00e3o Brasileira de Voleibol (CBV).<\/p>\n<p>&#8220;A expectativa \u00e9 que o treinador permane\u00e7a neste estado de 48h a 72h para depois iniciar a retirada do respirador mec\u00e2nico&#8221;, informou a entidade em um comunicado oficial.<\/p>\n<p>O treinador e ex-jogador da Sele\u00e7\u00e3o Brasileira testou positivo para o novo coronav\u00edrus na \u00faltima ter\u00e7a-feira. Em isolamento, ele apresentava sintomas leves. Na sexta, por\u00e9m, ele apresentou piora do quadro e precisou ser internado, no Rio de Janeiro, com baixa satura\u00e7\u00e3o de oxig\u00eanio no sangue.<\/p>\n<p>Tamb\u00e9m na capital fluminense est\u00e1 internado, no Centro de Terapia Intensiva, Radam\u00e9s Lattari, vice-presidente da CBV. Ele foi extubado nesta segunda-feira. &#8220;Ele segue com boa evolu\u00e7\u00e3o cl\u00ednica. Nesta segunda-feira, se encontra j\u00e1 sentado fora do leito, com oxig\u00eanio suplementar e em tratamento de pneumonia e trombose venosa&#8221;, completou a entidade.<\/p>\n<p>&nbsp;<\/p>\n<p><strong>Fonte: Estad\u00e3o<\/strong><\/p>\n<p>&nbsp;<\/p>\n","protected":false},"excerpt":{"rendered":"<p>O t\u00e9cnico Renan Dal Zotto, da Sele\u00e7\u00e3o Brasileira masculina de v\u00f4lei, precisou ser intubado nesta segunda-feira por complica\u00e7\u00f5es da covid-19. Internado desde a \u00faltima sexta em um hospital no Rio de Janeiro, o treinador teve de passar pelo procedimento para manter o n\u00edvel de satura\u00e7\u00e3o de oxig\u00eanio mais alta, de acordo com informa\u00e7\u00f5es divulgadas pela &hellip;<\/p>\n","protected":false},"author":1,"featured_media":14899,"comment_status":"closed","ping_status":"closed","sticky":false,"template":"","format":"standard","meta":{"_jetpack_newsletter_access":"","_jetpack_dont_email_post_to_subs":false,"_jetpack_newsletter_tier_id":0,"_jetpack_memberships_contains_paywalled_content":false,"_jetpack_memberships_contains_paid_content":false,"footnotes":""},"categories":[1],"tags":[],"class_list":["post-14898","post","type-post","status-publish","format-standard","has-post-thumbnail","hentry","category-destaque"],"jetpack_sharing_enabled":true,"jetpack_featured_media_url":"","_links":{"self":[{"href":"https:\/\/www.oparanews.com.br\/index.php\/wp-json\/wp\/v2\/posts\/14898","targetHints":{"allow":["GET"]}}],"collection":[{"href":"https:\/\/www.oparanews.com.br\/index.php\/wp-json\/wp\/v2\/posts"}],"about":[{"href":"https:\/\/www.oparanews.com.br\/index.php\/wp-json\/wp\/v2\/types\/post"}],"author":[{"embeddable":true,"href":"https:\/\/www.oparanews.com.br\/index.php\/wp-json\/wp\/v2\/users\/1"}],"replies":[{"embeddable":true,"href":"https:\/\/www.oparanews.com.br\/index.php\/wp-json\/wp\/v2\/comments?post=14898"}],"version-history":[{"count":0,"href":"https:\/\/www.oparanews.com.br\/index.php\/wp-json\/wp\/v2\/posts\/14898\/revisions"}],"wp:attachment":[{"href":"https:\/\/www.oparanews.com.br\/index.php\/wp-json\/wp\/v2\/media?parent=14898"}],"wp:term":[{"taxonomy":"category","embeddable":true,"href":"https:\/\/www.oparanews.com.br\/index.php\/wp-json\/wp\/v2\/categories?post=14898"},{"taxonomy":"post_tag","embeddable":true,"href":"https:\/\/www.oparanews.com.br\/index.php\/wp-json\/wp\/v2\/tags?post=14898"}],"curies":[{"name":"wp","href":"https:\/\/api.w.org\/{rel}","templated":true}]}}