{"id":14904,"date":"2021-04-19T23:51:09","date_gmt":"2021-04-19T23:51:09","guid":{"rendered":"https:\/\/oparanews.com.br\/?p=14904"},"modified":"2021-04-19T23:51:09","modified_gmt":"2021-04-19T23:51:09","slug":"penedo-inicia-imunizacao-de-pessoas-com-comorbidades-acima-de-59-anos","status":"publish","type":"post","link":"https:\/\/www.oparanews.com.br\/index.php\/2021\/04\/19\/penedo-inicia-imunizacao-de-pessoas-com-comorbidades-acima-de-59-anos\/","title":{"rendered":"Penedo inicia imuniza\u00e7\u00e3o de pessoas com comorbidades acima de 59 anos"},"content":{"rendered":"<p>A partir desta ter\u00e7a-feira, 20, a Secretaria Municipal de Sa\u00fade (SEMS) come\u00e7ar\u00e1 a vacinar o grupo de pessoas residentes em Penedo com comorbidades, imuniza\u00e7\u00e3o contra Covid-19 para pessoas acima de 59 anos, inicialmente.<\/p>\n<p>O avan\u00e7o na campanha de imuniza\u00e7\u00e3o contra o coronav\u00edrus para as pr\u00f3ximas faixas et\u00e1rias acontecer\u00e1 \u00e0 medida que chegarem novos lotes de vacinas contra Covid-19 \u00e0 nossa cidade.<\/p>\n<p>Os tipos de comorbidades que se encaixam nessa primeira fase de vacina\u00e7\u00e3o s\u00e3o:<\/p>\n<p>* Diabetes Mellitus;<br \/>\n* Pneumopatias cr\u00f4nicas graves;<br \/>\n* Hipertens\u00e3o arterial em diferentes condi\u00e7\u00f5es;<br \/>\n* Doen\u00e7as cardiovasculares;<br \/>\n* Doen\u00e7as cerebrovasculares;<br \/>\n* Imunossuprimidos;<br \/>\n* Anemia falciforme;<br \/>\n* Obesidade m\u00f3rbida;<br \/>\n* Cirrose hep\u00e1tica;<br \/>\n* Cirrose hep\u00e1tica.<\/p>\n<p>As pessoas com S\u00edndrome de Down de 18 a 59 anos tamb\u00e9m est\u00e3o inclu\u00eddas nesse primeiro momento de vacina\u00e7\u00e3o.<\/p>\n<p>Para pessoa com doen\u00e7a renal cr\u00f4nica, em di\u00e1lise, a aplica\u00e7\u00e3o do imunizante contra o coronav\u00edrus ocorrer\u00e1 no local onde ela tem acesso ao procedimento.<\/p>\n<p>Confira quais documentos podem ser aceitos para a comprova\u00e7\u00e3o de comorbidade<\/p>\n<p>* Prescri\u00e7\u00e3o m\u00e9dica para a vacina contendo a condi\u00e7\u00e3o que justifica a imuniza\u00e7\u00e3o;<br \/>\n* Exames espec\u00edficos que estabelecem o diagn\u00f3stico;<br \/>\n* Relat\u00f3rio m\u00e9dico;<br \/>\n* Receitas para terapia espec\u00edfica de condi\u00e7\u00f5es descritas;<br \/>\n* Cadastros em sistemas espec\u00edficos do Sistema \u00danico de Sa\u00fade (SUS).<\/p>\n<p>A Central de Vacina\u00e7\u00e3o funciona na Escola Estadual Ernani M\u00e9ro das 07h \u00e0s 17 horas. Para identifica\u00e7\u00e3o e cadastro \u00e9 preciso apresentar o Cart\u00e3o do SUS e um documento oficial com foto.<\/p>\n<p>Vacina Solid\u00e1ria<\/p>\n<p>Lembrando que a Prefeitura de Penedo mant\u00e9m a campanha Vacina Solid\u00e1ria, a\u00e7\u00e3o que busca arrecadar alimentos para fam\u00edlias em situa\u00e7\u00e3o extrema de vulnerabilidade social em nossa cidade.<\/p>\n<p>Para fazer a doa\u00e7\u00e3o de alimento n\u00e3o perec\u00edvel, qualquer pessoa pode se dirigir \u00e0 Central de Vacina\u00e7\u00e3o Contra Covid-19, e levar a sua contribui\u00e7\u00e3o.<\/p>\n<p>&nbsp;<\/p>\n<p><strong>por Aline Br\u00e1s \u2013 assessoria SEMS Penedo<\/strong><\/p>\n<p>&nbsp;<\/p>\n","protected":false},"excerpt":{"rendered":"<p>A partir desta ter\u00e7a-feira, 20, a Secretaria Municipal de Sa\u00fade (SEMS) come\u00e7ar\u00e1 a vacinar o grupo de pessoas residentes em Penedo com comorbidades, imuniza\u00e7\u00e3o contra Covid-19 para pessoas acima de 59 anos, inicialmente. O avan\u00e7o na campanha de imuniza\u00e7\u00e3o contra o coronav\u00edrus para as pr\u00f3ximas faixas et\u00e1rias acontecer\u00e1 \u00e0 medida que chegarem novos lotes de &hellip;<\/p>\n","protected":false},"author":1,"featured_media":14905,"comment_status":"closed","ping_status":"closed","sticky":false,"template":"","format":"standard","meta":{"_jetpack_newsletter_access":"","_jetpack_dont_email_post_to_subs":false,"_jetpack_newsletter_tier_id":0,"_jetpack_memberships_contains_paywalled_content":false,"_jetpack_memberships_contains_paid_content":false,"footnotes":""},"categories":[1],"tags":[],"class_list":["post-14904","post","type-post","status-publish","format-standard","has-post-thumbnail","hentry","category-destaque"],"jetpack_sharing_enabled":true,"jetpack_featured_media_url":"","_links":{"self":[{"href":"https:\/\/www.oparanews.com.br\/index.php\/wp-json\/wp\/v2\/posts\/14904","targetHints":{"allow":["GET"]}}],"collection":[{"href":"https:\/\/www.oparanews.com.br\/index.php\/wp-json\/wp\/v2\/posts"}],"about":[{"href":"https:\/\/www.oparanews.com.br\/index.php\/wp-json\/wp\/v2\/types\/post"}],"author":[{"embeddable":true,"href":"https:\/\/www.oparanews.com.br\/index.php\/wp-json\/wp\/v2\/users\/1"}],"replies":[{"embeddable":true,"href":"https:\/\/www.oparanews.com.br\/index.php\/wp-json\/wp\/v2\/comments?post=14904"}],"version-history":[{"count":0,"href":"https:\/\/www.oparanews.com.br\/index.php\/wp-json\/wp\/v2\/posts\/14904\/revisions"}],"wp:attachment":[{"href":"https:\/\/www.oparanews.com.br\/index.php\/wp-json\/wp\/v2\/media?parent=14904"}],"wp:term":[{"taxonomy":"category","embeddable":true,"href":"https:\/\/www.oparanews.com.br\/index.php\/wp-json\/wp\/v2\/categories?post=14904"},{"taxonomy":"post_tag","embeddable":true,"href":"https:\/\/www.oparanews.com.br\/index.php\/wp-json\/wp\/v2\/tags?post=14904"}],"curies":[{"name":"wp","href":"https:\/\/api.w.org\/{rel}","templated":true}]}}