{"id":14907,"date":"2021-04-19T23:52:27","date_gmt":"2021-04-19T23:52:27","guid":{"rendered":"https:\/\/oparanews.com.br\/?p=14907"},"modified":"2021-04-19T23:52:27","modified_gmt":"2021-04-19T23:52:27","slug":"prefeitura-de-penedo-inicia-reparos-no-mercado-publico-municipal","status":"publish","type":"post","link":"https:\/\/www.oparanews.com.br\/index.php\/2021\/04\/19\/prefeitura-de-penedo-inicia-reparos-no-mercado-publico-municipal\/","title":{"rendered":"Prefeitura de Penedo inicia reparos no Mercado P\u00fablico Municipal"},"content":{"rendered":"<p>A Prefeitura de Penedo j\u00e1 adquiriu o material que ser\u00e1 utilizado para reparar e tamb\u00e9m evitar novos danos causados por chuvas no Mercado P\u00fablico Municipal.<\/p>\n<p>O im\u00f3vel situado no Centro Hist\u00f3rico de Penedo apresentou vazamentos em sua cobertura durante a ocorr\u00eancia de precipita\u00e7\u00e3o acima da m\u00e9dia, na semana passada.<\/p>\n<p>As Secretarias Municipais de Servi\u00e7os P\u00fablicos (SEMSP) e de Abastecimento e Desenvolvimento Agr\u00edcola (SEMADA) come\u00e7am os servi\u00e7os na cobertura do Mercado P\u00fablico nesta ter\u00e7a-feira, 20.<\/p>\n<p>De acordo com o Secret\u00e1rio Pedro Felipe Queiroz (SEMADA), a pasta agilizou a compra de telhas coloniais, telhas Brasilit, lona pl\u00e1stica e material impermeabilizante, al\u00e9m de outros itens necess\u00e1rios para servi\u00e7o.<\/p>\n<p>Sobre o Mercado do Artesanato, a SEMADA est\u00e1 analisando im\u00f3veis para a realoca\u00e7\u00e3o dos permission\u00e1rios.<\/p>\n<p>&nbsp;<\/p>\n<p><strong>por Fernando Vin\u00edcius \u2013 jornalista Decom PMP<\/strong><\/p>\n<p>&nbsp;<\/p>\n","protected":false},"excerpt":{"rendered":"<p>A Prefeitura de Penedo j\u00e1 adquiriu o material que ser\u00e1 utilizado para reparar e tamb\u00e9m evitar novos danos causados por chuvas no Mercado P\u00fablico Municipal. O im\u00f3vel situado no Centro Hist\u00f3rico de Penedo apresentou vazamentos em sua cobertura durante a ocorr\u00eancia de precipita\u00e7\u00e3o acima da m\u00e9dia, na semana passada. As Secretarias Municipais de Servi\u00e7os P\u00fablicos &hellip;<\/p>\n","protected":false},"author":1,"featured_media":14908,"comment_status":"closed","ping_status":"closed","sticky":false,"template":"","format":"standard","meta":{"_jetpack_newsletter_access":"","_jetpack_dont_email_post_to_subs":false,"_jetpack_newsletter_tier_id":0,"_jetpack_memberships_contains_paywalled_content":false,"_jetpack_memberships_contains_paid_content":false,"footnotes":""},"categories":[1],"tags":[],"class_list":["post-14907","post","type-post","status-publish","format-standard","has-post-thumbnail","hentry","category-destaque"],"jetpack_sharing_enabled":true,"jetpack_featured_media_url":"","_links":{"self":[{"href":"https:\/\/www.oparanews.com.br\/index.php\/wp-json\/wp\/v2\/posts\/14907","targetHints":{"allow":["GET"]}}],"collection":[{"href":"https:\/\/www.oparanews.com.br\/index.php\/wp-json\/wp\/v2\/posts"}],"about":[{"href":"https:\/\/www.oparanews.com.br\/index.php\/wp-json\/wp\/v2\/types\/post"}],"author":[{"embeddable":true,"href":"https:\/\/www.oparanews.com.br\/index.php\/wp-json\/wp\/v2\/users\/1"}],"replies":[{"embeddable":true,"href":"https:\/\/www.oparanews.com.br\/index.php\/wp-json\/wp\/v2\/comments?post=14907"}],"version-history":[{"count":0,"href":"https:\/\/www.oparanews.com.br\/index.php\/wp-json\/wp\/v2\/posts\/14907\/revisions"}],"wp:attachment":[{"href":"https:\/\/www.oparanews.com.br\/index.php\/wp-json\/wp\/v2\/media?parent=14907"}],"wp:term":[{"taxonomy":"category","embeddable":true,"href":"https:\/\/www.oparanews.com.br\/index.php\/wp-json\/wp\/v2\/categories?post=14907"},{"taxonomy":"post_tag","embeddable":true,"href":"https:\/\/www.oparanews.com.br\/index.php\/wp-json\/wp\/v2\/tags?post=14907"}],"curies":[{"name":"wp","href":"https:\/\/api.w.org\/{rel}","templated":true}]}}