{"id":14916,"date":"2021-04-20T12:25:38","date_gmt":"2021-04-20T12:25:38","guid":{"rendered":"https:\/\/oparanews.com.br\/?p=14916"},"modified":"2021-04-20T12:25:38","modified_gmt":"2021-04-20T12:25:38","slug":"uefa-aprova-novo-formato-da-champions-a-partir-de-2024","status":"publish","type":"post","link":"https:\/\/www.oparanews.com.br\/index.php\/2021\/04\/20\/uefa-aprova-novo-formato-da-champions-a-partir-de-2024\/","title":{"rendered":"Uefa aprova novo formato da Champions a partir de 2024"},"content":{"rendered":"<p>Em meio ao caos gerado pela cria\u00e7\u00e3o da Superliga, a Uefa aprovou nesta segunda-feira (19\/04) os novos formatos de disputa dos torneios europeus a partir da temporada 2024\/25, incluindo da Liga dos Campe\u00f5es. A Champions League ter\u00e1 um aumento de 32 para 36 participantes e a tradicional fase de grupos n\u00e3o existir\u00e1 mais, sendo substitu\u00edda por um formato de liga.<\/p>\n<p>Cada time participante ter\u00e1 um m\u00ednimo de 10 partidas, com cinco em casa e cinco fora, diante de outros 10 advers\u00e1rios diferentes. Os oito melhores posicionados avan\u00e7ar\u00e3o diretamente para o mata-mata, enquanto que as equipes que terminarem entre nono e 24\u00ba da tabela precisar\u00e3o disputar um playoff para ficar entre os 16 que estar\u00e3o nas oitavas de final.<\/p>\n<p>O mesmo formato da Liga dos Campe\u00f5es ser\u00e1 colocado em pr\u00e1tica na Liga Europa e na nova Europa Conference League. No entanto, ainda n\u00e3o h\u00e1 informa\u00e7\u00f5es se a quantidade de times aumentar\u00e1 nestas duas competi\u00e7\u00f5es. As novas regras da Liga dos Campe\u00f5es permitir\u00e3o que o torneio receba 225 partidas, 100 a mais do que os atuais 125. A proposta tamb\u00e9m \u00e9 uma forma de combater a Superliga.<\/p>\n<p>&#8220;O novo formato manter\u00e1 vivo o sonho de qualquer clube de participar da Champions League com base nos resultados obtidos dentro de campo. Ele tamb\u00e9m viabilizar\u00e1 a longo prazo, prosperidade e crescimento para todos do futebol europeu&#8221;, disse o presidente da Uefa, Aleksander Ceferin.<\/p>\n<p>&nbsp;<\/p>\n<p><strong>Fonte: Terra<\/strong><\/p>\n<p>&nbsp;<\/p>\n","protected":false},"excerpt":{"rendered":"<p>Em meio ao caos gerado pela cria\u00e7\u00e3o da Superliga, a Uefa aprovou nesta segunda-feira (19\/04) os novos formatos de disputa dos torneios europeus a partir da temporada 2024\/25, incluindo da Liga dos Campe\u00f5es. A Champions League ter\u00e1 um aumento de 32 para 36 participantes e a tradicional fase de grupos n\u00e3o existir\u00e1 mais, sendo substitu\u00edda &hellip;<\/p>\n","protected":false},"author":1,"featured_media":14917,"comment_status":"closed","ping_status":"closed","sticky":false,"template":"","format":"standard","meta":{"_jetpack_newsletter_access":"","_jetpack_dont_email_post_to_subs":false,"_jetpack_newsletter_tier_id":0,"_jetpack_memberships_contains_paywalled_content":false,"_jetpack_memberships_contains_paid_content":false,"footnotes":""},"categories":[1],"tags":[],"class_list":["post-14916","post","type-post","status-publish","format-standard","has-post-thumbnail","hentry","category-destaque"],"jetpack_sharing_enabled":true,"jetpack_featured_media_url":"","_links":{"self":[{"href":"https:\/\/www.oparanews.com.br\/index.php\/wp-json\/wp\/v2\/posts\/14916","targetHints":{"allow":["GET"]}}],"collection":[{"href":"https:\/\/www.oparanews.com.br\/index.php\/wp-json\/wp\/v2\/posts"}],"about":[{"href":"https:\/\/www.oparanews.com.br\/index.php\/wp-json\/wp\/v2\/types\/post"}],"author":[{"embeddable":true,"href":"https:\/\/www.oparanews.com.br\/index.php\/wp-json\/wp\/v2\/users\/1"}],"replies":[{"embeddable":true,"href":"https:\/\/www.oparanews.com.br\/index.php\/wp-json\/wp\/v2\/comments?post=14916"}],"version-history":[{"count":0,"href":"https:\/\/www.oparanews.com.br\/index.php\/wp-json\/wp\/v2\/posts\/14916\/revisions"}],"wp:attachment":[{"href":"https:\/\/www.oparanews.com.br\/index.php\/wp-json\/wp\/v2\/media?parent=14916"}],"wp:term":[{"taxonomy":"category","embeddable":true,"href":"https:\/\/www.oparanews.com.br\/index.php\/wp-json\/wp\/v2\/categories?post=14916"},{"taxonomy":"post_tag","embeddable":true,"href":"https:\/\/www.oparanews.com.br\/index.php\/wp-json\/wp\/v2\/tags?post=14916"}],"curies":[{"name":"wp","href":"https:\/\/api.w.org\/{rel}","templated":true}]}}