{"id":14934,"date":"2021-04-21T14:03:39","date_gmt":"2021-04-21T14:03:39","guid":{"rendered":"https:\/\/oparanews.com.br\/?p=14934"},"modified":"2021-04-21T14:03:39","modified_gmt":"2021-04-21T14:03:39","slug":"trabalhadores-rurais-de-penedo-terao-auxilio-no-periodo-de-entressafra-da-cana-de-acucar","status":"publish","type":"post","link":"https:\/\/www.oparanews.com.br\/index.php\/2021\/04\/21\/trabalhadores-rurais-de-penedo-terao-auxilio-no-periodo-de-entressafra-da-cana-de-acucar\/","title":{"rendered":"Trabalhadores rurais de Penedo ter\u00e3o aux\u00edlio no per\u00edodo de entressafra da cana-de-a\u00e7\u00facar"},"content":{"rendered":"<p>O Vice-Prefeito Jo\u00e3o Lucas foi at\u00e9 Macei\u00f3 e voltou com mais uma boa not\u00edcia do Governo de Alagoas para Penedo. O munic\u00edpio est\u00e1 inclu\u00eddo no Amigo Trabalhador, programa que auxilia o homem do campo durante o per\u00edodo de entressafra da cana-de-a\u00e7\u00facar.<\/p>\n<p>\u201cEsse programa \u00e9 voltado para ajudar trabalhadores do corte de cana com uma bolsa de quatro meses no valor de R$ 130,00 e, gra\u00e7as a Deus, eu saio muito feliz da capital, com esse projeto em m\u00e3os e que j\u00e1 vamos cadastrar os trabalhadores\u201d, informou Jo\u00e3o Lucas em v\u00eddeo publicado nas suas redes sociais.<\/p>\n<p>O benef\u00edcio \u00e9 uma a\u00e7\u00e3o da Secretaria de Estado do Trabalho e Emprego, pasta administrada por Arthur Albuquerque.<\/p>\n<p>A inclus\u00e3o de Penedo na a\u00e7\u00e3o de amplo alcance social foi tema de reuni\u00e3o realizada na ter\u00e7a-feira, 20, com a assessora t\u00e9cnica de monitoramento do Programa Amigo Trabalhador, Lav\u00ednia Madero.<\/p>\n<p>\u201cConsidero uma grande vit\u00f3ria para os trabalhadores rurais de Penedo, especialmente os que sobrevivem do corte da cana e ficam desempregados durante a entressafra. Me sinto honrado em fazer parte dessa conquista\u201d, ressaltou o Vice-Prefeito de Penedo.<\/p>\n<p>Al\u00e9m do aux\u00edlio que totaliza R$ 520,00 no bolso do trabalhador, o programa prev\u00ea a inclus\u00e3o do benefici\u00e1rio em orienta\u00e7\u00f5es educacionais que a Secretaria do Trabalho e Emprego ir\u00e1 ministrar em Penedo.<\/p>\n<p>&nbsp;<\/p>\n<p><strong>por Fagner Honorato com Decom PMP<\/strong><\/p>\n<p>&nbsp;<\/p>\n","protected":false},"excerpt":{"rendered":"<p>O Vice-Prefeito Jo\u00e3o Lucas foi at\u00e9 Macei\u00f3 e voltou com mais uma boa not\u00edcia do Governo de Alagoas para Penedo. O munic\u00edpio est\u00e1 inclu\u00eddo no Amigo Trabalhador, programa que auxilia o homem do campo durante o per\u00edodo de entressafra da cana-de-a\u00e7\u00facar. \u201cEsse programa \u00e9 voltado para ajudar trabalhadores do corte de cana com uma bolsa &hellip;<\/p>\n","protected":false},"author":1,"featured_media":14935,"comment_status":"closed","ping_status":"closed","sticky":false,"template":"","format":"standard","meta":{"_jetpack_newsletter_access":"","_jetpack_dont_email_post_to_subs":false,"_jetpack_newsletter_tier_id":0,"_jetpack_memberships_contains_paywalled_content":false,"_jetpack_memberships_contains_paid_content":false,"footnotes":""},"categories":[1],"tags":[],"class_list":["post-14934","post","type-post","status-publish","format-standard","has-post-thumbnail","hentry","category-destaque"],"jetpack_sharing_enabled":true,"jetpack_featured_media_url":"","_links":{"self":[{"href":"https:\/\/www.oparanews.com.br\/index.php\/wp-json\/wp\/v2\/posts\/14934","targetHints":{"allow":["GET"]}}],"collection":[{"href":"https:\/\/www.oparanews.com.br\/index.php\/wp-json\/wp\/v2\/posts"}],"about":[{"href":"https:\/\/www.oparanews.com.br\/index.php\/wp-json\/wp\/v2\/types\/post"}],"author":[{"embeddable":true,"href":"https:\/\/www.oparanews.com.br\/index.php\/wp-json\/wp\/v2\/users\/1"}],"replies":[{"embeddable":true,"href":"https:\/\/www.oparanews.com.br\/index.php\/wp-json\/wp\/v2\/comments?post=14934"}],"version-history":[{"count":0,"href":"https:\/\/www.oparanews.com.br\/index.php\/wp-json\/wp\/v2\/posts\/14934\/revisions"}],"wp:attachment":[{"href":"https:\/\/www.oparanews.com.br\/index.php\/wp-json\/wp\/v2\/media?parent=14934"}],"wp:term":[{"taxonomy":"category","embeddable":true,"href":"https:\/\/www.oparanews.com.br\/index.php\/wp-json\/wp\/v2\/categories?post=14934"},{"taxonomy":"post_tag","embeddable":true,"href":"https:\/\/www.oparanews.com.br\/index.php\/wp-json\/wp\/v2\/tags?post=14934"}],"curies":[{"name":"wp","href":"https:\/\/api.w.org\/{rel}","templated":true}]}}