{"id":14946,"date":"2021-04-21T15:16:49","date_gmt":"2021-04-21T15:16:49","guid":{"rendered":"https:\/\/oparanews.com.br\/?p=14946"},"modified":"2021-04-21T15:16:49","modified_gmt":"2021-04-21T15:16:49","slug":"cranio-encontrado-no-pontal-do-peba-pode-ser-da-estudante-roberta-dias-desaparecida-em-2012","status":"publish","type":"post","link":"https:\/\/www.oparanews.com.br\/index.php\/2021\/04\/21\/cranio-encontrado-no-pontal-do-peba-pode-ser-da-estudante-roberta-dias-desaparecida-em-2012\/","title":{"rendered":"Cr\u00e2nio encontrado no Pontal do Peba pode ser da estudante Roberta Dias, desaparecida em 2012"},"content":{"rendered":"<p>A m\u00e3e da jovem Roberta Dias, desaparecida h\u00e1 9 anos, esteve nessa ter\u00e7a-feira, 20, no Instuto M\u00e9dico Legal (IML) onde solicitou uma an\u00e1lise do cr\u00e2nio humano encontrado no \u00faltimo dia 18 no Pontal do Peba, em Pia\u00e7abu\u00e7u, regi\u00e3o do Baixo S\u00e3o Francisco em Alagoas, para saber se \u00e9 da filha dela. Roberta Dias estava gr\u00e1vida quando desapareceu em abril de 2012.<\/p>\n<p>M\u00f4nica Reis, m\u00e3e de Roberta, disse que o cr\u00e2nio foi localizado no mesmo lugar onde o acusado de assassinar Roberta confessou ter enterrado o corpo.<\/p>\n<p>\u201cComo foi naquele local, onde ele disse que enterrou, eu estive no IML hoje cedo para ver o que poderia ser feito para identifica\u00e7\u00e3o do cr\u00e2nio. Como no banco de dados do \u00f3rg\u00e3o j\u00e1 consta o meu material gen\u00e9tico, que foi colhido quando outra ossada foi encontrada tamb\u00e9m no Pontal do Peba, em 2019, os legistas s\u00f3 far\u00e3o a compara\u00e7\u00e3o do meu DNA com o do cr\u00e2nio encontrado no \u00faltimo domingo (18 de abril)\u201d, disse M\u00f4nica ao site Aqui Acontece, que o not\u00edci\u00e1rio da regi\u00e3o.<\/p>\n<p>A m\u00e3e de Roberta declarou ainda que uma pessoa que participa da realiza\u00e7\u00e3o desses exames e j\u00e1 havia analisado preliminarmente o cr\u00e2nio encontrado revelou que as caracter\u00edsticas s\u00e3o mesmo de um cr\u00e2nio de algu\u00e9m do sexo feminino e que tem aproximadamente a mesma quantidade de tempo do desaparecimento da jovem gr\u00e1vida.<\/p>\n<p>\u201cJ\u00e1 me adiantaram l\u00e1 no IML que o cr\u00e2nio era de algu\u00e9m do sexo feminino e que n\u00e3o era de algum crime recente. S\u00e3o muitas coincid\u00eancias, mas s\u00f3 nos resta esperar. A previs\u00e3o \u00e9 de que o laudo esteja pronto em at\u00e9 seis meses, mas como j\u00e1 consta o meu material gen\u00e9tico esse prazo pode ser menor\u201d, acrescentou.<\/p>\n<p>Roberta Dias foi raptada das imedia\u00e7\u00f5es da Pra\u00e7a de Santa Luzia, em Penedo, no dia 11 de abril de 2012 e nunca teve seu corpo encontrado. Anos depois, um \u00e1udio, que inclusive foi periciado pela Pol\u00edcia Federal, vazou nas redes sociais mostrando um di\u00e1logo entre dois jovens, onde um deles confessa que matou a jovem enforcada, com o fio de uma extens\u00e3o de som automotivo e que enterrou o corpo em um trecho situado entre o Pontal do Peba e Feliz Deserto, com a ajuda do pai da crian\u00e7a que ela esperava.<\/p>\n<p>O processo segue em tramita\u00e7\u00e3o na 4\u00aa Vara Criminal de Penedo, e tanto o r\u00e9u confesso de ter praticado o crime, quanto a ent\u00e3o sogra da v\u00edtima, que tamb\u00e9m foi denunciada pelo Minist\u00e9rio P\u00fablico, seguem em liberdade. Ambos respondem por homic\u00eddio duplamente qualificado (motivo torpe e recurso que dificultou a defesa da v\u00edtima); oculta\u00e7\u00e3o de cad\u00e1ver e aborto provocado por terceiro.<\/p>\n<p>&nbsp;<\/p>\n<p><strong>Fonte: TNH1 com Aqui Acontece<\/strong><\/p>\n<p>&nbsp;<\/p>\n","protected":false},"excerpt":{"rendered":"<p>A m\u00e3e da jovem Roberta Dias, desaparecida h\u00e1 9 anos, esteve nessa ter\u00e7a-feira, 20, no Instuto M\u00e9dico Legal (IML) onde solicitou uma an\u00e1lise do cr\u00e2nio humano encontrado no \u00faltimo dia 18 no Pontal do Peba, em Pia\u00e7abu\u00e7u, regi\u00e3o do Baixo S\u00e3o Francisco em Alagoas, para saber se \u00e9 da filha dela. Roberta Dias estava gr\u00e1vida &hellip;<\/p>\n","protected":false},"author":1,"featured_media":14947,"comment_status":"closed","ping_status":"closed","sticky":false,"template":"","format":"standard","meta":{"_jetpack_newsletter_access":"","_jetpack_dont_email_post_to_subs":false,"_jetpack_newsletter_tier_id":0,"_jetpack_memberships_contains_paywalled_content":false,"_jetpack_memberships_contains_paid_content":false,"footnotes":""},"categories":[1],"tags":[],"class_list":["post-14946","post","type-post","status-publish","format-standard","has-post-thumbnail","hentry","category-destaque"],"jetpack_sharing_enabled":true,"jetpack_featured_media_url":"","_links":{"self":[{"href":"https:\/\/www.oparanews.com.br\/index.php\/wp-json\/wp\/v2\/posts\/14946","targetHints":{"allow":["GET"]}}],"collection":[{"href":"https:\/\/www.oparanews.com.br\/index.php\/wp-json\/wp\/v2\/posts"}],"about":[{"href":"https:\/\/www.oparanews.com.br\/index.php\/wp-json\/wp\/v2\/types\/post"}],"author":[{"embeddable":true,"href":"https:\/\/www.oparanews.com.br\/index.php\/wp-json\/wp\/v2\/users\/1"}],"replies":[{"embeddable":true,"href":"https:\/\/www.oparanews.com.br\/index.php\/wp-json\/wp\/v2\/comments?post=14946"}],"version-history":[{"count":0,"href":"https:\/\/www.oparanews.com.br\/index.php\/wp-json\/wp\/v2\/posts\/14946\/revisions"}],"wp:attachment":[{"href":"https:\/\/www.oparanews.com.br\/index.php\/wp-json\/wp\/v2\/media?parent=14946"}],"wp:term":[{"taxonomy":"category","embeddable":true,"href":"https:\/\/www.oparanews.com.br\/index.php\/wp-json\/wp\/v2\/categories?post=14946"},{"taxonomy":"post_tag","embeddable":true,"href":"https:\/\/www.oparanews.com.br\/index.php\/wp-json\/wp\/v2\/tags?post=14946"}],"curies":[{"name":"wp","href":"https:\/\/api.w.org\/{rel}","templated":true}]}}