{"id":14952,"date":"2021-04-21T23:25:27","date_gmt":"2021-04-21T23:25:27","guid":{"rendered":"https:\/\/oparanews.com.br\/?p=14952"},"modified":"2021-04-21T23:25:27","modified_gmt":"2021-04-21T23:25:27","slug":"bruno-covas-piora-e-tem-liquido-nos-pulmoes","status":"publish","type":"post","link":"https:\/\/www.oparanews.com.br\/index.php\/2021\/04\/21\/bruno-covas-piora-e-tem-liquido-nos-pulmoes\/","title":{"rendered":"Bruno Covas piora e tem l\u00edquido nos pulm\u00f5es"},"content":{"rendered":"<p>O prefeito de S\u00e3o Paulo, Bruno Covas (PSDB), apresentou uma piora no quadro de sa\u00fade e foi diagnosticado com l\u00edquido nos pulm\u00f5es e no abd\u00f4men. Uma suplementa\u00e7\u00e3o nutricional tamb\u00e9m foi iniciada para que ele esteja mais preparado para o novo tratamento.<\/p>\n<p>A informa\u00e7\u00e3o foi prestada na tarde desta quarta-feira (21) em coletiva de imprensa da equipe m\u00e9dica que assiste o prefeito.<\/p>\n<p>Covas enfrenta um c\u00e2ncer na regi\u00e3o da c\u00e1rdia, localizada na transi\u00e7\u00e3o entre o est\u00f4mago e o es\u00f4fago, com met\u00e1stase em outras \u00e1reas do corpo. Ele foi internado na \u00faltima quinta-feira (15) para a realiza\u00e7\u00e3o de exames de controle, que descobriram novos focos de tumores nos ossos e no f\u00edgado.<\/p>\n<p>De acordo com os m\u00e9dicos, o prefeito poderia receber alta e continuar com um novo tratamento oncol\u00f3gico, mas na sexta-feira (16) foi constatada a presen\u00e7a de l\u00edquido no abd\u00f4men e nos dois pulm\u00f5es, desencadeada pela presen\u00e7a dos n\u00f3dulos no f\u00edgado.<\/p>\n<p>O l\u00edquido fica mais exatamente entre as pleuras, tecidos que revestem os pulm\u00f5es e o t\u00f3rax. Um tratamento com drenos foi iniciado no dia seguinte.<\/p>\n<p>&#8220;O prefeito veio fazer uma avalia\u00e7\u00e3o rotineira e os exames de imagem, endosc\u00f3picos e gerais mostraram avan\u00e7o da doen\u00e7a, tanto na regi\u00e3o do f\u00edgado, quanto no aparecimento de les\u00f5es \u00f3sseas. Isso fez com que os oncologistas adotassem uma nova proposta terap\u00eautica composta de dois quimioter\u00e1picos e dois imunobiol\u00f3gicos&#8221;, disse o m\u00e9dico David Uip.<\/p>\n<p>&#8220;Havia previs\u00e3o de alta para o in\u00edcio da semana, mas houve este fato novo &#8211; a inflama\u00e7\u00e3o causada pelo tumor, provavelmente do que se localiza no f\u00edgado, causou ac\u00famulo de l\u00edquido no abd\u00f4men e nos pulm\u00f5es, especificamente entre as pleuras&#8221;, continuou.<\/p>\n<p>Os m\u00e9dicos explicaram que todos possuem l\u00edquido pleural, uma composi\u00e7\u00e3o de \u00e1gua e prote\u00ednas, e que o ac\u00famulo dele em pacientes que passam pelo tratamento oncol\u00f3gico \u00e9 rotineiro.<\/p>\n<p>O pequeno volume de l\u00edquido causa inc\u00f4modo na fun\u00e7\u00e3o respirat\u00f3ria, mas segundo a equipe, a situa\u00e7\u00e3o do prefeito est\u00e1 bem controlada, com condi\u00e7\u00e3o cl\u00ednica &#8220;bem confort\u00e1vel&#8221;, sendo a \u00fanica dificuldade a previs\u00e3o de quando o l\u00edquido ser\u00e1 totalmente drenado para que ele receba alta hospitalar.<\/p>\n<p>Uip disse que alguns pacientes podem ser liberados com drenos, mas a equipe optou por intern\u00e1-lo para que se adeque ao novo tratamento contra a met\u00e1stase nos ossos e no f\u00edgado.<\/p>\n<p>Covas tamb\u00e9m come\u00e7ou a receber alimenta\u00e7\u00e3o parenteral (por meio de uma sonda) durante as madrugadas, enquanto dorme, para auxiliar no ganho de peso. Durante o dia, ele se alimenta normalmente. De acordo com a equipe m\u00e9dica, o prefeito emagreceu um pouco, mas a complementa\u00e7\u00e3o nutricional visa especialmente prepar\u00e1-lo para o novo tratamento.<\/p>\n<p>Ainda de acordo com a equipe m\u00e9dica, Bruno Covas responde bem ao tratamento e permanecer\u00e1 despachando do hospital, ainda que restrito, sem exposi\u00e7\u00e3o p\u00fablica.<\/p>\n<p>&nbsp;<\/p>\n<p><strong>Fonte: G1<\/strong><\/p>\n<p>&nbsp;<\/p>\n","protected":false},"excerpt":{"rendered":"<p>O prefeito de S\u00e3o Paulo, Bruno Covas (PSDB), apresentou uma piora no quadro de sa\u00fade e foi diagnosticado com l\u00edquido nos pulm\u00f5es e no abd\u00f4men. Uma suplementa\u00e7\u00e3o nutricional tamb\u00e9m foi iniciada para que ele esteja mais preparado para o novo tratamento. A informa\u00e7\u00e3o foi prestada na tarde desta quarta-feira (21) em coletiva de imprensa da &hellip;<\/p>\n","protected":false},"author":1,"featured_media":14953,"comment_status":"closed","ping_status":"closed","sticky":false,"template":"","format":"standard","meta":{"_jetpack_newsletter_access":"","_jetpack_dont_email_post_to_subs":false,"_jetpack_newsletter_tier_id":0,"_jetpack_memberships_contains_paywalled_content":false,"_jetpack_memberships_contains_paid_content":false,"footnotes":""},"categories":[1],"tags":[],"class_list":["post-14952","post","type-post","status-publish","format-standard","has-post-thumbnail","hentry","category-destaque"],"jetpack_sharing_enabled":true,"jetpack_featured_media_url":"","_links":{"self":[{"href":"https:\/\/www.oparanews.com.br\/index.php\/wp-json\/wp\/v2\/posts\/14952","targetHints":{"allow":["GET"]}}],"collection":[{"href":"https:\/\/www.oparanews.com.br\/index.php\/wp-json\/wp\/v2\/posts"}],"about":[{"href":"https:\/\/www.oparanews.com.br\/index.php\/wp-json\/wp\/v2\/types\/post"}],"author":[{"embeddable":true,"href":"https:\/\/www.oparanews.com.br\/index.php\/wp-json\/wp\/v2\/users\/1"}],"replies":[{"embeddable":true,"href":"https:\/\/www.oparanews.com.br\/index.php\/wp-json\/wp\/v2\/comments?post=14952"}],"version-history":[{"count":0,"href":"https:\/\/www.oparanews.com.br\/index.php\/wp-json\/wp\/v2\/posts\/14952\/revisions"}],"wp:attachment":[{"href":"https:\/\/www.oparanews.com.br\/index.php\/wp-json\/wp\/v2\/media?parent=14952"}],"wp:term":[{"taxonomy":"category","embeddable":true,"href":"https:\/\/www.oparanews.com.br\/index.php\/wp-json\/wp\/v2\/categories?post=14952"},{"taxonomy":"post_tag","embeddable":true,"href":"https:\/\/www.oparanews.com.br\/index.php\/wp-json\/wp\/v2\/tags?post=14952"}],"curies":[{"name":"wp","href":"https:\/\/api.w.org\/{rel}","templated":true}]}}