{"id":14967,"date":"2021-04-22T17:27:37","date_gmt":"2021-04-22T17:27:37","guid":{"rendered":"https:\/\/oparanews.com.br\/?p=14967"},"modified":"2021-04-22T17:27:37","modified_gmt":"2021-04-22T17:27:37","slug":"governo-do-estado-antecipa-liberacao-de-vacinas-para-garantir-aplicacao-da-2a-dose","status":"publish","type":"post","link":"https:\/\/www.oparanews.com.br\/index.php\/2021\/04\/22\/governo-do-estado-antecipa-liberacao-de-vacinas-para-garantir-aplicacao-da-2a-dose\/","title":{"rendered":"Governo do Estado antecipa libera\u00e7\u00e3o de vacinas para garantir aplica\u00e7\u00e3o da 2\u00aa dose"},"content":{"rendered":"<p>Com o objetivo de garantir a aplica\u00e7\u00e3o da segunda dose e evitar a paralisa\u00e7\u00e3o da vacina\u00e7\u00e3o contra a Covid-19 em Alagoas, o governador Renan Filho anunciou, na manh\u00e3 desta quinta-feira (22), que o Estado vai antecipar a entrega de imunizantes para a Macei\u00f3 e Arapiraca.<\/p>\n<p>\u201cComo as vacinas tinham acabado praticamente em todos os munic\u00edpios \u2013 inclusive na capital \u2013, n\u00f3s antecipamos a D2 [segunda dose] da 10\u00aa remessa para n\u00e3o parar a vacina\u00e7\u00e3o agora\u201d, explicou o chefe do Executivo estadual, durante a solenidade de entrega de novas viaturas blindadas \u00e0s for\u00e7as de Seguran\u00e7a P\u00fablica.<\/p>\n<p>O Governo mant\u00e9m di\u00e1logo permanente com os munic\u00edpios no intuito de garantir a imuniza\u00e7\u00e3o dos grupos priorit\u00e1rios. \u201cPor isso, ontem, houve o pedido da prefeitura de Macei\u00f3 para a antecipa\u00e7\u00e3o de doses. O secret\u00e1rio Alexandre Ayres me consultou e eu autorizei\u201d, relatou Renan Filho. \u201cTamb\u00e9m tenho falado com o prefeito de Arapiraca, Luciano Barbosa, para fazer o mesmo, de maneira que a gente tente, ao m\u00e1ximo, n\u00e3o paralisar a campanha de vacina\u00e7\u00e3o\u201d, complementou.<\/p>\n<p>Para o governador, como o Estado tem recebido poucas vacinas, o adiantamento na entrega n\u00e3o se configura como estrat\u00e9gia ideal. \u201cPorque antecipar a vacina sem ter a certeza que o Governo Federal vai mandar outras doses pode atrapalhar a campanha de vacina\u00e7\u00e3o como um todo. Por isso, estamos fazendo com muita prud\u00eancia s\u00f3 para n\u00e3o paralisar a vacina\u00e7\u00e3o hoje\u201d, justificou Renan Filho.<\/p>\n<p>Nos dois tipos de imunizantes \u2013 Coronavac e Astrazeneca \u2013 enviados para Alagoas, a aplica\u00e7\u00e3o da segunda dose \u00e9 fundamental para assegurar maior efic\u00e1cia. Para a Coronavac, a segunda aplica\u00e7\u00e3o pode ocorrer em at\u00e9 28 dias ap\u00f3s a primeira. J\u00e1 no caso da Astrazeneca, o prazo \u00e9 de tr\u00eas meses ap\u00f3s a primeira dose.<\/p>\n<p>\u201cSe a gente n\u00e3o segurar para garantir a segunda dose do cidad\u00e3o, ele vai tomar a primeira e n\u00e3o vai tomar a segunda. Isso \u00e9 muito ruim porque isso \u00e9 contra o que a ci\u00eancia e o que os estudos determinam\u201d, assinala o governador, ao lembrar que Alagoas \u00e9 o terceiro estado brasileiro que mais aplicou as doses de imunizantes recebidas pelo Minist\u00e9rio da Sa\u00fade.<\/p>\n<p>\u201cO importante \u00e9 dizer que o Estado j\u00e1 est\u00e1 aplicando todas as doses que recebe. E a paralisa\u00e7\u00e3o da vacina\u00e7\u00e3o em Macei\u00f3 \u00e9 a mesma que aconteceu em Jo\u00e3o Pessoa e em outras capitais do Brasil. Infelizmente, neste momento, o Minist\u00e9rio da Sa\u00fade n\u00e3o tem condi\u00e7\u00f5es de entregar as vacinas que a gente tem capacidade de administrar nas pessoas\u201d, lamenta o gestor.<\/p>\n<p>\u201cIsso significa o seguinte: o povo brasileiro quer tomar a vacina, os estados e os munic\u00edpios t\u00eam condi\u00e7\u00e3o de vacinar as pessoas, mas n\u00e3o h\u00e1 vacinas suficientes. \u00c9 \u00f3bvio que precisamos receber mais vacinas, se n\u00e3o, infelizmente, teremos que paralisar\u201d, finalizou.<\/p>\n<p>&nbsp;<\/p>\n<p><strong>Fonte: Ag\u00eancia Alagoas<\/strong><\/p>\n<p>&nbsp;<\/p>\n","protected":false},"excerpt":{"rendered":"<p>Com o objetivo de garantir a aplica\u00e7\u00e3o da segunda dose e evitar a paralisa\u00e7\u00e3o da vacina\u00e7\u00e3o contra a Covid-19 em Alagoas, o governador Renan Filho anunciou, na manh\u00e3 desta quinta-feira (22), que o Estado vai antecipar a entrega de imunizantes para a Macei\u00f3 e Arapiraca. \u201cComo as vacinas tinham acabado praticamente em todos os munic\u00edpios &hellip;<\/p>\n","protected":false},"author":1,"featured_media":14968,"comment_status":"closed","ping_status":"closed","sticky":false,"template":"","format":"standard","meta":{"_jetpack_newsletter_access":"","_jetpack_dont_email_post_to_subs":false,"_jetpack_newsletter_tier_id":0,"_jetpack_memberships_contains_paywalled_content":false,"_jetpack_memberships_contains_paid_content":false,"footnotes":""},"categories":[1],"tags":[],"class_list":["post-14967","post","type-post","status-publish","format-standard","has-post-thumbnail","hentry","category-destaque"],"jetpack_sharing_enabled":true,"jetpack_featured_media_url":"","_links":{"self":[{"href":"https:\/\/www.oparanews.com.br\/index.php\/wp-json\/wp\/v2\/posts\/14967","targetHints":{"allow":["GET"]}}],"collection":[{"href":"https:\/\/www.oparanews.com.br\/index.php\/wp-json\/wp\/v2\/posts"}],"about":[{"href":"https:\/\/www.oparanews.com.br\/index.php\/wp-json\/wp\/v2\/types\/post"}],"author":[{"embeddable":true,"href":"https:\/\/www.oparanews.com.br\/index.php\/wp-json\/wp\/v2\/users\/1"}],"replies":[{"embeddable":true,"href":"https:\/\/www.oparanews.com.br\/index.php\/wp-json\/wp\/v2\/comments?post=14967"}],"version-history":[{"count":0,"href":"https:\/\/www.oparanews.com.br\/index.php\/wp-json\/wp\/v2\/posts\/14967\/revisions"}],"wp:attachment":[{"href":"https:\/\/www.oparanews.com.br\/index.php\/wp-json\/wp\/v2\/media?parent=14967"}],"wp:term":[{"taxonomy":"category","embeddable":true,"href":"https:\/\/www.oparanews.com.br\/index.php\/wp-json\/wp\/v2\/categories?post=14967"},{"taxonomy":"post_tag","embeddable":true,"href":"https:\/\/www.oparanews.com.br\/index.php\/wp-json\/wp\/v2\/tags?post=14967"}],"curies":[{"name":"wp","href":"https:\/\/api.w.org\/{rel}","templated":true}]}}