{"id":14982,"date":"2021-04-22T17:48:19","date_gmt":"2021-04-22T17:48:19","guid":{"rendered":"https:\/\/oparanews.com.br\/?p=14982"},"modified":"2021-04-22T17:48:19","modified_gmt":"2021-04-22T17:48:19","slug":"vacina-da-pfizer-sera-distribuida-na-1-quinzena-de-maio","status":"publish","type":"post","link":"https:\/\/www.oparanews.com.br\/index.php\/2021\/04\/22\/vacina-da-pfizer-sera-distribuida-na-1-quinzena-de-maio\/","title":{"rendered":"Vacina da Pfizer ser\u00e1 distribu\u00edda na 1 quinzena de maio"},"content":{"rendered":"<p>Ap\u00f3s anunciar que as primeiras doses da vacina da Pfizer\/BioNTech chegam ao Brasil no dia 29 de abril, o Minist\u00e9rio da Sa\u00fade prev\u00ea iniciar a distribui\u00e7\u00e3o do imunizante nos primeiros 15 dias de maio, de acordo com informe t\u00e9cnico da pasta, publicado na quarta-feira (21).<\/p>\n<p>De acordo com a publica\u00e7\u00e3o, o governo federal vai receber 1.000.350 doses da vacina e a distribui\u00e7\u00e3o ser\u00e1 feita aos estados em duas etapas por conta das especificidades de armazenamento.<\/p>\n<p>&#8220;A previs\u00e3o de distribui\u00e7\u00e3o, considerando o cronograma de entrega apresentado pela farmac\u00eauca, ser\u00e1 para a primeira quinzena de maio. Neste sendo, j\u00e1 foram iniciadas as capacita\u00e7\u00f5es em 19\/04, com o apoio da farmac\u00eauca, e as orienta\u00e7\u00f5es espec\u00edficas j\u00e1 devem ser conhecidas e comunicadas \u00e0 todas as inst\u00e2ncias da rede de frio nacional, dadas as especificidades da vacina&#8221;, diz trecho do informe.<\/p>\n<p>Ainda de acordo com o Minist\u00e9rio da Sa\u00fade, como ser\u00e1 uma &#8220;pequena quantidade de doses a receber&#8221;, a orienta\u00e7\u00e3o \u00e9 que a vacina\u00e7\u00e3o fiquem restritas nas unidades de sa\u00fade da capital das 27 unidades da federa\u00e7\u00e3o. A vacina \u00e9 aplicada em duas doses com intervalo de 21 dias. A distribui\u00e7\u00e3o aos estados deste total inicial de doses ocorrer\u00e1 em 2 etapas.<\/p>\n<p>&#8220;Primeiro as doses 1 (D1) e, no intervalo de 1 semana para cumprimento do esquema vacinal, as doses 2 (D2), dadas as especificidades do armazenamento. Orienta-se que as 27 UF concentrem a distribui\u00e7\u00e3o das doses para vacina\u00e7\u00e3o em unidades de sa\u00fade que receber\u00e3o a vacina, preferencialmente, unidades com c\u00e2maras refrigeradas (cadastradas na Anvisa) com sistema de seguran\u00e7a para atua\u00e7\u00e3o em situa\u00e7\u00f5es de falta de energia el\u00e9trica&#8221;, afirma o Minist\u00e9rio da Sa\u00fade.<\/p>\n<p>A vacina da Pfizer \u00e9 a \u00fanica que tem o registro definitivo da Ag\u00eancia Nacional de Vigil\u00e2ncia Sanit\u00e1ria (Anvisa) para uso contra a Covid-19 no Brasil. Segundo a ag\u00eancia, os estudos e testes cl\u00ednicos mostraram a &#8220;seguran\u00e7a, qualidade e efic\u00e1cia&#8221; do imunizante.<\/p>\n<p>&nbsp;<\/p>\n<p><strong>Fonte: IG<\/strong><\/p>\n<p>&nbsp;<\/p>\n","protected":false},"excerpt":{"rendered":"<p>Ap\u00f3s anunciar que as primeiras doses da vacina da Pfizer\/BioNTech chegam ao Brasil no dia 29 de abril, o Minist\u00e9rio da Sa\u00fade prev\u00ea iniciar a distribui\u00e7\u00e3o do imunizante nos primeiros 15 dias de maio, de acordo com informe t\u00e9cnico da pasta, publicado na quarta-feira (21). De acordo com a publica\u00e7\u00e3o, o governo federal vai receber &hellip;<\/p>\n","protected":false},"author":1,"featured_media":14983,"comment_status":"closed","ping_status":"closed","sticky":false,"template":"","format":"standard","meta":{"_jetpack_newsletter_access":"","_jetpack_dont_email_post_to_subs":false,"_jetpack_newsletter_tier_id":0,"_jetpack_memberships_contains_paywalled_content":false,"_jetpack_memberships_contains_paid_content":false,"footnotes":""},"categories":[1],"tags":[],"class_list":["post-14982","post","type-post","status-publish","format-standard","has-post-thumbnail","hentry","category-destaque"],"jetpack_sharing_enabled":true,"jetpack_featured_media_url":"","_links":{"self":[{"href":"https:\/\/www.oparanews.com.br\/index.php\/wp-json\/wp\/v2\/posts\/14982","targetHints":{"allow":["GET"]}}],"collection":[{"href":"https:\/\/www.oparanews.com.br\/index.php\/wp-json\/wp\/v2\/posts"}],"about":[{"href":"https:\/\/www.oparanews.com.br\/index.php\/wp-json\/wp\/v2\/types\/post"}],"author":[{"embeddable":true,"href":"https:\/\/www.oparanews.com.br\/index.php\/wp-json\/wp\/v2\/users\/1"}],"replies":[{"embeddable":true,"href":"https:\/\/www.oparanews.com.br\/index.php\/wp-json\/wp\/v2\/comments?post=14982"}],"version-history":[{"count":0,"href":"https:\/\/www.oparanews.com.br\/index.php\/wp-json\/wp\/v2\/posts\/14982\/revisions"}],"wp:attachment":[{"href":"https:\/\/www.oparanews.com.br\/index.php\/wp-json\/wp\/v2\/media?parent=14982"}],"wp:term":[{"taxonomy":"category","embeddable":true,"href":"https:\/\/www.oparanews.com.br\/index.php\/wp-json\/wp\/v2\/categories?post=14982"},{"taxonomy":"post_tag","embeddable":true,"href":"https:\/\/www.oparanews.com.br\/index.php\/wp-json\/wp\/v2\/tags?post=14982"}],"curies":[{"name":"wp","href":"https:\/\/api.w.org\/{rel}","templated":true}]}}