{"id":14985,"date":"2021-04-23T00:29:04","date_gmt":"2021-04-23T00:29:04","guid":{"rendered":"https:\/\/oparanews.com.br\/?p=14985"},"modified":"2021-04-23T00:29:04","modified_gmt":"2021-04-23T00:29:04","slug":"alagoas-confirma-475-casos-e-20-mortes-por-covid-19","status":"publish","type":"post","link":"https:\/\/www.oparanews.com.br\/index.php\/2021\/04\/23\/alagoas-confirma-475-casos-e-20-mortes-por-covid-19\/","title":{"rendered":"Alagoas confirma 475 casos e 20 mortes por Covid-19"},"content":{"rendered":"<p>Pela segunda vez consecutiva, Alagoas registrou 20 mortes por Covid-19 por dia. O estado tamb\u00e9m confirmou 475 novos casos da doen\u00e7a. Os dados s\u00e3o do boletim epidemiol\u00f3gico da Secretaria de Estado da Sa\u00fade (Sesau) desta quinta-feira (22).<\/p>\n<p>Macei\u00f3, com 11 \u00f3bitos, e S\u00e3o Miguel dos Campos, com 3, foram os munic\u00edpios que tiveram mais mortes nas \u00faltimas 24 horas.<\/p>\n<p>Desde o come\u00e7o da pandemia, 168.747 casos foram confirmados e 4.054 \u00f3bitos por Covid foram registrados no estado.<\/p>\n<p>H\u00e1 160.829 pacientes recuperados. O n\u00famero acumulado de casos suspeitos chegou a 9.952, sendo 3.059 ainda em tratamento, em isolamento domiciliar.<\/p>\n<p>A taxa de ocupa\u00e7\u00e3o dos leitos de UTI no estado \u00e9 de 82%. Em Macei\u00f3, a ocupa\u00e7\u00e3o de UTI \u00e9 de 83%.<\/p>\n<p><strong>Mais 20 mortes por Covid-19<\/strong><\/p>\n<p>Macei\u00f3: Homem, 46 anos \u2013 doen\u00e7a cardiovascular cr\u00f4nica<br \/>\nMacei\u00f3: Homem, 50 anos \u2013 sem comorbidades<br \/>\nMacei\u00f3: Homem, 57 anos \u2013 doen\u00e7a respirat\u00f3ria cr\u00f4nica descompensada<br \/>\nMacei\u00f3: Homem, 65 anos \u2013 hipertenso e diab\u00e9tico<br \/>\nMacei\u00f3: Homem, 83 anos \u2013 doen\u00e7a cardiovascular cr\u00f4nica e hipertens\u00e3o<br \/>\nMacei\u00f3: Homem, 89 anos \u2013 diab\u00e9tico<br \/>\nMacei\u00f3: Mulher, 42 anos \u2013 sem comorbidades<br \/>\nMacei\u00f3: Mulher, 51 anos \u2013 sem comorbidades<br \/>\nMacei\u00f3: Mulher, 55 anos \u2013 sem comorbidades<br \/>\nMacei\u00f3: Mulher, 62 anos \u2013 hipertensa e diab\u00e9tica<br \/>\nMacei\u00f3: Mulher, 66 anos \u2013 doen\u00e7a respirat\u00f3ria cr\u00f4nica<br \/>\nS\u00e3o Miguel dos Campos: Homem, 73 anos \u2013 sem comorbidades<br \/>\nS\u00e3o Miguel dos Campos: Mulher, 45 anos \u2013 asma<br \/>\nS\u00e3o Miguel dos Campos: Mulher, 73 anos \u2013 sem comorbidades<br \/>\nAnadia: Mulher, 52 anos \u2013 obesa e diab\u00e9tica<br \/>\nAnadia: Mulher, 73 anos \u2013 doen\u00e7a cardiovascular cr\u00f4nica e hipertens\u00e3o<br \/>\nFlexeiras: Homem, 46 anos \u2013 sem comorbidades<br \/>\nFlexeiras: Homem, 65 anos \u2013 sem comorbidades<br \/>\nSantana do Ipanema: Homem, 51 anos \u2013 Parkinson<br \/>\nS\u00e3o Jos\u00e9 da Laje: Homem, 60 anos \u2013 hipertenso, diab\u00e9tico e cardiopata<\/p>\n<p>&nbsp;<\/p>\n<p><strong>Fonte: G1\/AL<\/strong><\/p>\n<p>&nbsp;<\/p>\n","protected":false},"excerpt":{"rendered":"<p>Pela segunda vez consecutiva, Alagoas registrou 20 mortes por Covid-19 por dia. O estado tamb\u00e9m confirmou 475 novos casos da doen\u00e7a. Os dados s\u00e3o do boletim epidemiol\u00f3gico da Secretaria de Estado da Sa\u00fade (Sesau) desta quinta-feira (22). Macei\u00f3, com 11 \u00f3bitos, e S\u00e3o Miguel dos Campos, com 3, foram os munic\u00edpios que tiveram mais mortes &hellip;<\/p>\n","protected":false},"author":1,"featured_media":7389,"comment_status":"closed","ping_status":"closed","sticky":false,"template":"","format":"standard","meta":{"_jetpack_newsletter_access":"","_jetpack_dont_email_post_to_subs":false,"_jetpack_newsletter_tier_id":0,"_jetpack_memberships_contains_paywalled_content":false,"_jetpack_memberships_contains_paid_content":false,"footnotes":""},"categories":[1],"tags":[],"class_list":["post-14985","post","type-post","status-publish","format-standard","has-post-thumbnail","hentry","category-destaque"],"jetpack_sharing_enabled":true,"jetpack_featured_media_url":"","_links":{"self":[{"href":"https:\/\/www.oparanews.com.br\/index.php\/wp-json\/wp\/v2\/posts\/14985","targetHints":{"allow":["GET"]}}],"collection":[{"href":"https:\/\/www.oparanews.com.br\/index.php\/wp-json\/wp\/v2\/posts"}],"about":[{"href":"https:\/\/www.oparanews.com.br\/index.php\/wp-json\/wp\/v2\/types\/post"}],"author":[{"embeddable":true,"href":"https:\/\/www.oparanews.com.br\/index.php\/wp-json\/wp\/v2\/users\/1"}],"replies":[{"embeddable":true,"href":"https:\/\/www.oparanews.com.br\/index.php\/wp-json\/wp\/v2\/comments?post=14985"}],"version-history":[{"count":0,"href":"https:\/\/www.oparanews.com.br\/index.php\/wp-json\/wp\/v2\/posts\/14985\/revisions"}],"wp:attachment":[{"href":"https:\/\/www.oparanews.com.br\/index.php\/wp-json\/wp\/v2\/media?parent=14985"}],"wp:term":[{"taxonomy":"category","embeddable":true,"href":"https:\/\/www.oparanews.com.br\/index.php\/wp-json\/wp\/v2\/categories?post=14985"},{"taxonomy":"post_tag","embeddable":true,"href":"https:\/\/www.oparanews.com.br\/index.php\/wp-json\/wp\/v2\/tags?post=14985"}],"curies":[{"name":"wp","href":"https:\/\/api.w.org\/{rel}","templated":true}]}}