{"id":14993,"date":"2021-04-23T00:36:38","date_gmt":"2021-04-23T00:36:38","guid":{"rendered":"https:\/\/oparanews.com.br\/?p=14993"},"modified":"2021-04-23T00:36:38","modified_gmt":"2021-04-23T00:36:38","slug":"stf-mantem-decisao-que-declarou-moro-parcial-contra-lula","status":"publish","type":"post","link":"https:\/\/www.oparanews.com.br\/index.php\/2021\/04\/23\/stf-mantem-decisao-que-declarou-moro-parcial-contra-lula\/","title":{"rendered":"STF mant\u00e9m decis\u00e3o que declarou Moro parcial contra Lula"},"content":{"rendered":"<p>A maioria do Supremo Tribunal Federal (STF) votou nesta quinta-feira, 22, para confirmar o julgamento da Segunda Turma que declarou o ex-juiz federal S\u00e9rgio Moro parcial ao condenar o ex-presidente Luiz In\u00e1cio Lula da Silva (PT) na a\u00e7\u00e3o do triplex do Guaruj\u00e1. A posi\u00e7\u00e3o do plen\u00e1rio \u00e9 mais uma vit\u00f3ria do petista e frustra o relator da Lava Jato, Edson Fachin, que havia tentado uma manobra para esvaziar a discuss\u00e3o sobre a atua\u00e7\u00e3o de Moro \u00e0 frente da Justi\u00e7a Federal de Curitiba. Na a\u00e7\u00e3o do triplex, Lula foi condenado por Moro a nove anos e seis meses de pris\u00e3o, acabou enquadrado pela Lei da Ficha Limpa e foi afastado da corrida ao Pal\u00e1cio do Planalto nas \u00faltimas elei\u00e7\u00f5es.<\/p>\n<p>Em 8 de mar\u00e7o deste ano, Fachin abalou o meio pol\u00edtico e redesenhou a disputa eleitoral de 2022 ao derrubar as condena\u00e7\u00f5es de Lula, determinar o envio de quatro a\u00e7\u00f5es penais para a Justi\u00e7a Federal do DF e arquivar a discuss\u00e3o sobre a suspei\u00e7\u00e3o de Moro. Na pr\u00e1tica, a decis\u00e3o, que foi parcialmente chancelada pelo plen\u00e1rio, tornou o petista eleg\u00edvel e apto a disputar as elei\u00e7\u00f5es de 2022.<\/p>\n<p>&nbsp;<\/p>\n<p><strong>Fonte: Terra<\/strong><\/p>\n<p>&nbsp;<\/p>\n","protected":false},"excerpt":{"rendered":"<p>A maioria do Supremo Tribunal Federal (STF) votou nesta quinta-feira, 22, para confirmar o julgamento da Segunda Turma que declarou o ex-juiz federal S\u00e9rgio Moro parcial ao condenar o ex-presidente Luiz In\u00e1cio Lula da Silva (PT) na a\u00e7\u00e3o do triplex do Guaruj\u00e1. A posi\u00e7\u00e3o do plen\u00e1rio \u00e9 mais uma vit\u00f3ria do petista e frustra o &hellip;<\/p>\n","protected":false},"author":1,"featured_media":14994,"comment_status":"closed","ping_status":"closed","sticky":false,"template":"","format":"standard","meta":{"_jetpack_newsletter_access":"","_jetpack_dont_email_post_to_subs":false,"_jetpack_newsletter_tier_id":0,"_jetpack_memberships_contains_paywalled_content":false,"_jetpack_memberships_contains_paid_content":false,"footnotes":""},"categories":[1],"tags":[],"class_list":["post-14993","post","type-post","status-publish","format-standard","has-post-thumbnail","hentry","category-destaque"],"jetpack_sharing_enabled":true,"jetpack_featured_media_url":"","_links":{"self":[{"href":"https:\/\/www.oparanews.com.br\/index.php\/wp-json\/wp\/v2\/posts\/14993","targetHints":{"allow":["GET"]}}],"collection":[{"href":"https:\/\/www.oparanews.com.br\/index.php\/wp-json\/wp\/v2\/posts"}],"about":[{"href":"https:\/\/www.oparanews.com.br\/index.php\/wp-json\/wp\/v2\/types\/post"}],"author":[{"embeddable":true,"href":"https:\/\/www.oparanews.com.br\/index.php\/wp-json\/wp\/v2\/users\/1"}],"replies":[{"embeddable":true,"href":"https:\/\/www.oparanews.com.br\/index.php\/wp-json\/wp\/v2\/comments?post=14993"}],"version-history":[{"count":0,"href":"https:\/\/www.oparanews.com.br\/index.php\/wp-json\/wp\/v2\/posts\/14993\/revisions"}],"wp:attachment":[{"href":"https:\/\/www.oparanews.com.br\/index.php\/wp-json\/wp\/v2\/media?parent=14993"}],"wp:term":[{"taxonomy":"category","embeddable":true,"href":"https:\/\/www.oparanews.com.br\/index.php\/wp-json\/wp\/v2\/categories?post=14993"},{"taxonomy":"post_tag","embeddable":true,"href":"https:\/\/www.oparanews.com.br\/index.php\/wp-json\/wp\/v2\/tags?post=14993"}],"curies":[{"name":"wp","href":"https:\/\/api.w.org\/{rel}","templated":true}]}}