{"id":15003,"date":"2021-04-23T16:21:03","date_gmt":"2021-04-23T16:21:03","guid":{"rendered":"https:\/\/oparanews.com.br\/?p=15003"},"modified":"2021-04-23T16:21:03","modified_gmt":"2021-04-23T16:21:03","slug":"penedo-recebe-vacinas-coronavac-para-completar-2a-dose-da-imunizacao","status":"publish","type":"post","link":"https:\/\/www.oparanews.com.br\/index.php\/2021\/04\/23\/penedo-recebe-vacinas-coronavac-para-completar-2a-dose-da-imunizacao\/","title":{"rendered":"Penedo recebe vacinas Coronavac para completar 2\u00aa dose da imuniza\u00e7\u00e3o"},"content":{"rendered":"<p>Pessoas residentes em Penedo que estavam agendadas para receber a segunda dose da Coronavac nos dias 14, 15 e 20 deste m\u00eas, separem o cart\u00e3o da vacina\u00e7\u00e3o e se programem para ter acesso ao complemento da imuniza\u00e7\u00e3o neste final de semana.<\/p>\n<p>A Secretaria Municipal de Sa\u00fade (SEMED) atender\u00e1 esse p\u00fablico e os grupos priorit\u00e1rios em vigor. A partir de s\u00e1bado, 24, quem iria receber o complemento da imuniza\u00e7\u00e3o contra Covid-19 nos dias 14 e 15 j\u00e1 pode comparecer na Central de Vacina\u00e7\u00e3o.<\/p>\n<p>Para os que receberiam a segunda dose da Coronavac no dia 20 de abril, o atendimento ser\u00e1 feito no domingo, 25.<\/p>\n<p>Al\u00e9m desses p\u00fablicos, a campanha de vacina\u00e7\u00e3o contra Covid-19 em Penedo mant\u00e9m a assist\u00eancia para pessoas com comorbidades, a partir de 59 anos.<\/p>\n<p>A Central de Vacina\u00e7\u00e3o funcionar\u00e1 neste final de semana a partir das 08 horas, com atendimento ao p\u00fablico at\u00e9 as 17 horas. N\u00e3o deixe de completar sua imuniza\u00e7\u00e3o contra o coronav\u00edrus.<\/p>\n<p>&nbsp;<\/p>\n<p><strong>por Fernando Vin\u00edcius \u2013 jornalista Decom PMP<\/strong><\/p>\n<p>&nbsp;<\/p>\n","protected":false},"excerpt":{"rendered":"<p>Pessoas residentes em Penedo que estavam agendadas para receber a segunda dose da Coronavac nos dias 14, 15 e 20 deste m\u00eas, separem o cart\u00e3o da vacina\u00e7\u00e3o e se programem para ter acesso ao complemento da imuniza\u00e7\u00e3o neste final de semana. A Secretaria Municipal de Sa\u00fade (SEMED) atender\u00e1 esse p\u00fablico e os grupos priorit\u00e1rios em &hellip;<\/p>\n","protected":false},"author":1,"featured_media":15004,"comment_status":"closed","ping_status":"closed","sticky":false,"template":"","format":"standard","meta":{"_jetpack_newsletter_access":"","_jetpack_dont_email_post_to_subs":false,"_jetpack_newsletter_tier_id":0,"_jetpack_memberships_contains_paywalled_content":false,"_jetpack_memberships_contains_paid_content":false,"footnotes":""},"categories":[1],"tags":[],"class_list":["post-15003","post","type-post","status-publish","format-standard","has-post-thumbnail","hentry","category-destaque"],"jetpack_sharing_enabled":true,"jetpack_featured_media_url":"","_links":{"self":[{"href":"https:\/\/www.oparanews.com.br\/index.php\/wp-json\/wp\/v2\/posts\/15003","targetHints":{"allow":["GET"]}}],"collection":[{"href":"https:\/\/www.oparanews.com.br\/index.php\/wp-json\/wp\/v2\/posts"}],"about":[{"href":"https:\/\/www.oparanews.com.br\/index.php\/wp-json\/wp\/v2\/types\/post"}],"author":[{"embeddable":true,"href":"https:\/\/www.oparanews.com.br\/index.php\/wp-json\/wp\/v2\/users\/1"}],"replies":[{"embeddable":true,"href":"https:\/\/www.oparanews.com.br\/index.php\/wp-json\/wp\/v2\/comments?post=15003"}],"version-history":[{"count":0,"href":"https:\/\/www.oparanews.com.br\/index.php\/wp-json\/wp\/v2\/posts\/15003\/revisions"}],"wp:attachment":[{"href":"https:\/\/www.oparanews.com.br\/index.php\/wp-json\/wp\/v2\/media?parent=15003"}],"wp:term":[{"taxonomy":"category","embeddable":true,"href":"https:\/\/www.oparanews.com.br\/index.php\/wp-json\/wp\/v2\/categories?post=15003"},{"taxonomy":"post_tag","embeddable":true,"href":"https:\/\/www.oparanews.com.br\/index.php\/wp-json\/wp\/v2\/tags?post=15003"}],"curies":[{"name":"wp","href":"https:\/\/api.w.org\/{rel}","templated":true}]}}