{"id":15006,"date":"2021-04-24T19:13:43","date_gmt":"2021-04-24T19:13:43","guid":{"rendered":"https:\/\/oparanews.com.br\/?p=15006"},"modified":"2021-04-24T19:13:43","modified_gmt":"2021-04-24T19:13:43","slug":"pai-esconde-filho-de-3-anos-em-um-lencol-para-escapar-da-blitz-em-paripueira","status":"publish","type":"post","link":"https:\/\/www.oparanews.com.br\/index.php\/2021\/04\/24\/pai-esconde-filho-de-3-anos-em-um-lencol-para-escapar-da-blitz-em-paripueira\/","title":{"rendered":"Pai esconde filho de 3 anos em um len\u00e7ol para escapar da blitz em Paripueira"},"content":{"rendered":"<p>Guarni\u00e7\u00f5es do Batalh\u00e3o de Pol\u00edcia Rodovi\u00e1ria (BPRv) flagraram, na noite desta sexta-feira (23), uma crian\u00e7a de 3 anos sendo transportada no piso da frente de um carro de passeio escondida em um len\u00e7ol. Quem conduzia o ve\u00edculo era o pai do menino. A abordagem foi feita durante uma blitz em Paripueira, Litoral Norte de Alagoas.<\/p>\n<p>Segundo os militares, o pai disse que saiu apressado de casa e como seu destino era pr\u00f3ximo n\u00e3o levou a cadeirinha, equipamento obrigat\u00f3rio para o transporte de crian\u00e7as. Ao perceber a blitz, ele escondeu o menino no len\u00e7ol para que os policiais n\u00e3o percebessem a irregularidade.<\/p>\n<p>O condutor foi notificado e ap\u00f3s a regulariza\u00e7\u00e3o da situa\u00e7\u00e3o ele foi liberado. O comandante do BPRv, tenente-coronel Lizi\u00e1rio J\u00fanior, informou que a infra\u00e7\u00e3o \u00e9 de natureza grav\u00edssima e resulta na perda de 7 pontos na carteira de habilita\u00e7\u00e3o. O valor \u00e9 de R$ 293,47.<\/p>\n<p>O flagrante aconteceu durante a Opera\u00e7\u00e3o Para\u00edso das \u00c1guas, na cidade de Paripueira. Al\u00e9m dessa ocorr\u00eancia, o BPRv registrou outras infra\u00e7\u00f5es como ve\u00edculos sendo conduzidos por condutores inabilitados e tamb\u00e9m com os impostos em atraso. Todos foram devidamente autuados conforme a legisla\u00e7\u00e3o. Foram feitas 49 abordagens e 27 Autos de Infra\u00e7\u00e3o foram lavrados.<\/p>\n<p>&nbsp;<\/p>\n<p><strong>Fonte: G1\/AL<\/strong><\/p>\n<p>&nbsp;<\/p>\n","protected":false},"excerpt":{"rendered":"<p>Guarni\u00e7\u00f5es do Batalh\u00e3o de Pol\u00edcia Rodovi\u00e1ria (BPRv) flagraram, na noite desta sexta-feira (23), uma crian\u00e7a de 3 anos sendo transportada no piso da frente de um carro de passeio escondida em um len\u00e7ol. Quem conduzia o ve\u00edculo era o pai do menino. A abordagem foi feita durante uma blitz em Paripueira, Litoral Norte de Alagoas. &hellip;<\/p>\n","protected":false},"author":1,"featured_media":15007,"comment_status":"closed","ping_status":"closed","sticky":false,"template":"","format":"standard","meta":{"_jetpack_newsletter_access":"","_jetpack_dont_email_post_to_subs":false,"_jetpack_newsletter_tier_id":0,"_jetpack_memberships_contains_paywalled_content":false,"_jetpack_memberships_contains_paid_content":false,"footnotes":""},"categories":[1],"tags":[],"class_list":["post-15006","post","type-post","status-publish","format-standard","has-post-thumbnail","hentry","category-destaque"],"jetpack_sharing_enabled":true,"jetpack_featured_media_url":"","_links":{"self":[{"href":"https:\/\/www.oparanews.com.br\/index.php\/wp-json\/wp\/v2\/posts\/15006","targetHints":{"allow":["GET"]}}],"collection":[{"href":"https:\/\/www.oparanews.com.br\/index.php\/wp-json\/wp\/v2\/posts"}],"about":[{"href":"https:\/\/www.oparanews.com.br\/index.php\/wp-json\/wp\/v2\/types\/post"}],"author":[{"embeddable":true,"href":"https:\/\/www.oparanews.com.br\/index.php\/wp-json\/wp\/v2\/users\/1"}],"replies":[{"embeddable":true,"href":"https:\/\/www.oparanews.com.br\/index.php\/wp-json\/wp\/v2\/comments?post=15006"}],"version-history":[{"count":0,"href":"https:\/\/www.oparanews.com.br\/index.php\/wp-json\/wp\/v2\/posts\/15006\/revisions"}],"wp:attachment":[{"href":"https:\/\/www.oparanews.com.br\/index.php\/wp-json\/wp\/v2\/media?parent=15006"}],"wp:term":[{"taxonomy":"category","embeddable":true,"href":"https:\/\/www.oparanews.com.br\/index.php\/wp-json\/wp\/v2\/categories?post=15006"},{"taxonomy":"post_tag","embeddable":true,"href":"https:\/\/www.oparanews.com.br\/index.php\/wp-json\/wp\/v2\/tags?post=15006"}],"curies":[{"name":"wp","href":"https:\/\/api.w.org\/{rel}","templated":true}]}}