{"id":15012,"date":"2021-04-24T19:18:40","date_gmt":"2021-04-24T19:18:40","guid":{"rendered":"https:\/\/oparanews.com.br\/?p=15012"},"modified":"2021-04-24T19:18:40","modified_gmt":"2021-04-24T19:18:40","slug":"levy-fidelix-presidente-do-prtb-morre-aos-69-anos","status":"publish","type":"post","link":"https:\/\/www.oparanews.com.br\/index.php\/2021\/04\/24\/levy-fidelix-presidente-do-prtb-morre-aos-69-anos\/","title":{"rendered":"Levy Fidelix, presidente do PRTB, morre aos 69 anos"},"content":{"rendered":"<p>O presidente nacional do PRTB, Levy Fidelix, morreu na noite desta sexta-feira (23) em S\u00e3o Paulo, aos 69 anos. A informa\u00e7\u00e3o foi confirmada pela diretoria do PRTB por meio de mensagem no perfil oficial de Fidelix nas redes sociais. A causa da morte n\u00e3o foi divulgada.<\/p>\n<p>&#8220;\u00c9 com profunda dor e pesar que o PRTB, por sua diretoria, comunica o falecimento do nosso l\u00edder, Fundador e Presidente Nacional, Levy Fidelix, ocorrida nesta data na cidade de S\u00e3o Paulo. Descanse em paz homem do Aerotrem!&#8221;, diz texto postado no Twitter de Fidelix.<\/p>\n<p>Pessoas ligadas \u00e0 fam\u00edlia do pol\u00edtico afirmaram \u00e0 TV Globo que ele morreu em decorr\u00eancia de complica\u00e7\u00f5es da Covid-19. A informa\u00e7\u00e3o, no entanto, n\u00e3o foi confirmada oficialmente.<\/p>\n<p>Conhecido por defender o projeto &#8220;aerotrem&#8221; como principal meio transporte p\u00fablico, Fidelix concorreu a diversos cargos em mais de 10 elei\u00e7\u00f5es, mas nunca se elegeu. Tentou se eleger deputado federal por tr\u00eas vezes, governador por duas vezes, presidente da Rep\u00fablica por duas vezes e prefeito de S\u00e3o Paulo em tr\u00eas elei\u00e7\u00f5es.<\/p>\n<p>&nbsp;<\/p>\n<p><strong>Fonte: G1<\/strong><\/p>\n<p>&nbsp;<\/p>\n","protected":false},"excerpt":{"rendered":"<p>O presidente nacional do PRTB, Levy Fidelix, morreu na noite desta sexta-feira (23) em S\u00e3o Paulo, aos 69 anos. A informa\u00e7\u00e3o foi confirmada pela diretoria do PRTB por meio de mensagem no perfil oficial de Fidelix nas redes sociais. A causa da morte n\u00e3o foi divulgada. &#8220;\u00c9 com profunda dor e pesar que o PRTB, &hellip;<\/p>\n","protected":false},"author":1,"featured_media":15013,"comment_status":"closed","ping_status":"closed","sticky":false,"template":"","format":"standard","meta":{"_jetpack_newsletter_access":"","_jetpack_dont_email_post_to_subs":false,"_jetpack_newsletter_tier_id":0,"_jetpack_memberships_contains_paywalled_content":false,"_jetpack_memberships_contains_paid_content":false,"footnotes":""},"categories":[1],"tags":[],"class_list":["post-15012","post","type-post","status-publish","format-standard","has-post-thumbnail","hentry","category-destaque"],"jetpack_sharing_enabled":true,"jetpack_featured_media_url":"","_links":{"self":[{"href":"https:\/\/www.oparanews.com.br\/index.php\/wp-json\/wp\/v2\/posts\/15012","targetHints":{"allow":["GET"]}}],"collection":[{"href":"https:\/\/www.oparanews.com.br\/index.php\/wp-json\/wp\/v2\/posts"}],"about":[{"href":"https:\/\/www.oparanews.com.br\/index.php\/wp-json\/wp\/v2\/types\/post"}],"author":[{"embeddable":true,"href":"https:\/\/www.oparanews.com.br\/index.php\/wp-json\/wp\/v2\/users\/1"}],"replies":[{"embeddable":true,"href":"https:\/\/www.oparanews.com.br\/index.php\/wp-json\/wp\/v2\/comments?post=15012"}],"version-history":[{"count":0,"href":"https:\/\/www.oparanews.com.br\/index.php\/wp-json\/wp\/v2\/posts\/15012\/revisions"}],"wp:attachment":[{"href":"https:\/\/www.oparanews.com.br\/index.php\/wp-json\/wp\/v2\/media?parent=15012"}],"wp:term":[{"taxonomy":"category","embeddable":true,"href":"https:\/\/www.oparanews.com.br\/index.php\/wp-json\/wp\/v2\/categories?post=15012"},{"taxonomy":"post_tag","embeddable":true,"href":"https:\/\/www.oparanews.com.br\/index.php\/wp-json\/wp\/v2\/tags?post=15012"}],"curies":[{"name":"wp","href":"https:\/\/api.w.org\/{rel}","templated":true}]}}