{"id":15018,"date":"2021-04-24T19:35:23","date_gmt":"2021-04-24T19:35:23","guid":{"rendered":"https:\/\/oparanews.com.br\/?p=15018"},"modified":"2021-04-24T19:35:23","modified_gmt":"2021-04-24T19:35:23","slug":"vereador-val-da-banana-pede-melhoria-na-iluminacao-publica-da-rua-campos-teixeira","status":"publish","type":"post","link":"https:\/\/www.oparanews.com.br\/index.php\/2021\/04\/24\/vereador-val-da-banana-pede-melhoria-na-iluminacao-publica-da-rua-campos-teixeira\/","title":{"rendered":"Vereador Val da Banana pede melhoria na ilumina\u00e7\u00e3o p\u00fablica da Rua Campos Teixeira"},"content":{"rendered":"<p>O Vereador Val da Banana (Clodovaldo Sacramento Santos) cobra do poder p\u00fablico municipal melhorias para a rede de ilumina\u00e7\u00e3o da Rua Campo Teixeira, conforme requerimento que apresentou na sess\u00e3o legislativa realizada na quinta-feira, 22.<\/p>\n<p>&nbsp;<\/p>\n<p><strong>Fonte: Assessoria<\/strong><\/p>\n<p>&nbsp;<\/p>\n","protected":false},"excerpt":{"rendered":"<p>O Vereador Val da Banana (Clodovaldo Sacramento Santos) cobra do poder p\u00fablico municipal melhorias para a rede de ilumina\u00e7\u00e3o da Rua Campo Teixeira, conforme requerimento que apresentou na sess\u00e3o legislativa realizada na quinta-feira, 22. &nbsp; Fonte: Assessoria &nbsp;<\/p>\n","protected":false},"author":1,"featured_media":15019,"comment_status":"closed","ping_status":"closed","sticky":false,"template":"","format":"standard","meta":{"_jetpack_newsletter_access":"","_jetpack_dont_email_post_to_subs":false,"_jetpack_newsletter_tier_id":0,"_jetpack_memberships_contains_paywalled_content":false,"_jetpack_memberships_contains_paid_content":false,"footnotes":""},"categories":[1],"tags":[],"class_list":["post-15018","post","type-post","status-publish","format-standard","has-post-thumbnail","hentry","category-destaque"],"jetpack_sharing_enabled":true,"jetpack_featured_media_url":"","_links":{"self":[{"href":"https:\/\/www.oparanews.com.br\/index.php\/wp-json\/wp\/v2\/posts\/15018","targetHints":{"allow":["GET"]}}],"collection":[{"href":"https:\/\/www.oparanews.com.br\/index.php\/wp-json\/wp\/v2\/posts"}],"about":[{"href":"https:\/\/www.oparanews.com.br\/index.php\/wp-json\/wp\/v2\/types\/post"}],"author":[{"embeddable":true,"href":"https:\/\/www.oparanews.com.br\/index.php\/wp-json\/wp\/v2\/users\/1"}],"replies":[{"embeddable":true,"href":"https:\/\/www.oparanews.com.br\/index.php\/wp-json\/wp\/v2\/comments?post=15018"}],"version-history":[{"count":0,"href":"https:\/\/www.oparanews.com.br\/index.php\/wp-json\/wp\/v2\/posts\/15018\/revisions"}],"wp:attachment":[{"href":"https:\/\/www.oparanews.com.br\/index.php\/wp-json\/wp\/v2\/media?parent=15018"}],"wp:term":[{"taxonomy":"category","embeddable":true,"href":"https:\/\/www.oparanews.com.br\/index.php\/wp-json\/wp\/v2\/categories?post=15018"},{"taxonomy":"post_tag","embeddable":true,"href":"https:\/\/www.oparanews.com.br\/index.php\/wp-json\/wp\/v2\/tags?post=15018"}],"curies":[{"name":"wp","href":"https:\/\/api.w.org\/{rel}","templated":true}]}}