{"id":15021,"date":"2021-04-24T19:37:23","date_gmt":"2021-04-24T19:37:23","guid":{"rendered":"https:\/\/oparanews.com.br\/?p=15021"},"modified":"2021-04-24T19:37:23","modified_gmt":"2021-04-24T19:37:23","slug":"vereador-rodrigo-regueira-cobra-informacoes-da-secretaria-municipal-de-cultura","status":"publish","type":"post","link":"https:\/\/www.oparanews.com.br\/index.php\/2021\/04\/24\/vereador-rodrigo-regueira-cobra-informacoes-da-secretaria-municipal-de-cultura\/","title":{"rendered":"Vereador Rodrigo Regueira cobra informa\u00e7\u00f5es da Secretaria Municipal de Cultura"},"content":{"rendered":"<p>Qual \u00e9 o apoio que a Secretaria de Cultura de Penedo est\u00e1 oferecendo para pessoas do meio art\u00edstico local durante a pandemia? O que a pasta tem feito para evitar que tradi\u00e7\u00f5es culturais n\u00e3o corram o risco de desaparecer, devido aos problemas atuais? Que planejamento est\u00e1 sendo feito em rela\u00e7\u00e3o as \u00e1reas de sua atua\u00e7\u00e3o?<\/p>\n<p>Os questionamentos s\u00e3o do Vereador Rodrigo Regueira, apresentados durante a sess\u00e3o legislativa virtual realizada na quinta-feira, 22.<\/p>\n<p>Preocupado com os impactos negativos da Covid-19 sobre as pessoas que dependem e formam a cadeia econ\u00f4mica cultural em Penedo, o parlamentar cobra informa\u00e7\u00f5es da Secretaria Municipal de Cultura, inclusive o cronograma do que j\u00e1 foi feito desde o in\u00edcio deste ano para minimizar os impactos da pandemia.<\/p>\n<p>Na forma de requerimento, Rodrigo Regueira apresentou reivindica\u00e7\u00f5es levadas a ele por moradores, sendo uma pra\u00e7a no povoado Santa Margarida, em frente \u00e0 igreja da comunidade; e a pavimenta\u00e7\u00e3o das ruas do residencial Mariza Let\u00edcia.<\/p>\n<p>&nbsp;<\/p>\n<p><strong>Fonte: Assessoria<\/strong><\/p>\n<p>&nbsp;<\/p>\n","protected":false},"excerpt":{"rendered":"<p>Qual \u00e9 o apoio que a Secretaria de Cultura de Penedo est\u00e1 oferecendo para pessoas do meio art\u00edstico local durante a pandemia? O que a pasta tem feito para evitar que tradi\u00e7\u00f5es culturais n\u00e3o corram o risco de desaparecer, devido aos problemas atuais? Que planejamento est\u00e1 sendo feito em rela\u00e7\u00e3o as \u00e1reas de sua atua\u00e7\u00e3o? &hellip;<\/p>\n","protected":false},"author":1,"featured_media":15022,"comment_status":"closed","ping_status":"closed","sticky":false,"template":"","format":"standard","meta":{"_jetpack_newsletter_access":"","_jetpack_dont_email_post_to_subs":false,"_jetpack_newsletter_tier_id":0,"_jetpack_memberships_contains_paywalled_content":false,"_jetpack_memberships_contains_paid_content":false,"footnotes":""},"categories":[1],"tags":[],"class_list":["post-15021","post","type-post","status-publish","format-standard","has-post-thumbnail","hentry","category-destaque"],"jetpack_sharing_enabled":true,"jetpack_featured_media_url":"","_links":{"self":[{"href":"https:\/\/www.oparanews.com.br\/index.php\/wp-json\/wp\/v2\/posts\/15021","targetHints":{"allow":["GET"]}}],"collection":[{"href":"https:\/\/www.oparanews.com.br\/index.php\/wp-json\/wp\/v2\/posts"}],"about":[{"href":"https:\/\/www.oparanews.com.br\/index.php\/wp-json\/wp\/v2\/types\/post"}],"author":[{"embeddable":true,"href":"https:\/\/www.oparanews.com.br\/index.php\/wp-json\/wp\/v2\/users\/1"}],"replies":[{"embeddable":true,"href":"https:\/\/www.oparanews.com.br\/index.php\/wp-json\/wp\/v2\/comments?post=15021"}],"version-history":[{"count":0,"href":"https:\/\/www.oparanews.com.br\/index.php\/wp-json\/wp\/v2\/posts\/15021\/revisions"}],"wp:attachment":[{"href":"https:\/\/www.oparanews.com.br\/index.php\/wp-json\/wp\/v2\/media?parent=15021"}],"wp:term":[{"taxonomy":"category","embeddable":true,"href":"https:\/\/www.oparanews.com.br\/index.php\/wp-json\/wp\/v2\/categories?post=15021"},{"taxonomy":"post_tag","embeddable":true,"href":"https:\/\/www.oparanews.com.br\/index.php\/wp-json\/wp\/v2\/tags?post=15021"}],"curies":[{"name":"wp","href":"https:\/\/api.w.org\/{rel}","templated":true}]}}