{"id":15024,"date":"2021-04-24T19:38:19","date_gmt":"2021-04-24T19:38:19","guid":{"rendered":"https:\/\/oparanews.com.br\/?p=15024"},"modified":"2021-04-24T19:38:19","modified_gmt":"2021-04-24T19:38:19","slug":"penedo-ultrapassa-a-marca-de-3-mil-casos-do-novo-coronavirus","status":"publish","type":"post","link":"https:\/\/www.oparanews.com.br\/index.php\/2021\/04\/24\/penedo-ultrapassa-a-marca-de-3-mil-casos-do-novo-coronavirus\/","title":{"rendered":"Penedo ultrapassa a marca de 3 mil casos do novo Coronav\u00edrus"},"content":{"rendered":"<p>A Secretaria Municipal de Sa\u00fade (SEMS) divulgou nesta sexta-feira (23), o Boletim Epidemiol\u00f3gico atualizado diariamente sobre a pandemia de Covid-19 no munic\u00edpio.<\/p>\n<p>De acordo com os dados oficiais mais recentes, foram confirmados 3013 casos da doen\u00e7a oriunda do novo coronav\u00edrus.<\/p>\n<p>Desse total, 2.844 pessoas se recuperaram, ap\u00f3s passarem pelos cuidados m\u00e9dicos.<\/p>\n<p>Os n\u00fameros atualizados tamb\u00e9m indicam que 2.763 casos foram descartados ap\u00f3s constatado n\u00e3o serem Covid-19. Al\u00e9m de 31 \u00f3bitos provocados pela pandemia no munic\u00edpio.<\/p>\n<p><strong>Unidade de Refer\u00eancia em S\u00edndromes Gripais<\/strong><\/p>\n<p>Na Unidade de Refer\u00eancia em S\u00edndromes Gripais nesta sexta-feira (23) ocorreram 95 atendimentos, com a realiza\u00e7\u00e3o de 28 testes r\u00e1pidos que resultaram em 15 diagn\u00f3sticos positivos e 13 negativos.<\/p>\n<p>A Prefeitura de Penedo informa que a Unidade de S\u00edndromes Gripais localizada na Avenida Wanderlei, nas proximidades do trevo da \u201cToca do \u00cdndio\u201d, est\u00e1 funcionando de Segunda a S\u00e1bado das 7h \u00e0s 17h.<\/p>\n<p>A popula\u00e7\u00e3o deve procurar o centro especializado ao notar os primeiros sintomas de Covid-19.<\/p>\n<p>Tamb\u00e9m alerta a popula\u00e7\u00e3o penedense para a import\u00e2ncia da manuten\u00e7\u00e3o do distanciamento social como medida preventiva, o uso de m\u00e1scaras e a ado\u00e7\u00e3o de medidas de higiene, a exemplo de lavar corretamente as m\u00e3os e utilizar \u00e1lcool 70%.<\/p>\n<p><strong>Casos por localidades<\/strong><\/p>\n<p>O Boletim Epidemiol\u00f3gico desta sexta-feira (23) tamb\u00e9m mostra o n\u00famero de casos por localidade.<\/p>\n<p>Na frente da contabiliza\u00e7\u00e3o est\u00e1 o Bairro Dom Constantino com 945 casos, situa\u00e7\u00e3o que se mant\u00e9m desde o in\u00edcio da pandemia. Logo em seguida est\u00e1 o Bairro Santa Luzia com 575 e o Centro da cidade com 409.<\/p>\n<p>&nbsp;<\/p>\n<p><strong>Fonte: Decom &#8211; PMP<\/strong><\/p>\n<p>&nbsp;<\/p>\n","protected":false},"excerpt":{"rendered":"<p>A Secretaria Municipal de Sa\u00fade (SEMS) divulgou nesta sexta-feira (23), o Boletim Epidemiol\u00f3gico atualizado diariamente sobre a pandemia de Covid-19 no munic\u00edpio. De acordo com os dados oficiais mais recentes, foram confirmados 3013 casos da doen\u00e7a oriunda do novo coronav\u00edrus. Desse total, 2.844 pessoas se recuperaram, ap\u00f3s passarem pelos cuidados m\u00e9dicos. Os n\u00fameros atualizados tamb\u00e9m &hellip;<\/p>\n","protected":false},"author":1,"featured_media":15025,"comment_status":"closed","ping_status":"closed","sticky":false,"template":"","format":"standard","meta":{"_jetpack_newsletter_access":"","_jetpack_dont_email_post_to_subs":false,"_jetpack_newsletter_tier_id":0,"_jetpack_memberships_contains_paywalled_content":false,"_jetpack_memberships_contains_paid_content":false,"footnotes":""},"categories":[1],"tags":[],"class_list":["post-15024","post","type-post","status-publish","format-standard","has-post-thumbnail","hentry","category-destaque"],"jetpack_sharing_enabled":true,"jetpack_featured_media_url":"","_links":{"self":[{"href":"https:\/\/www.oparanews.com.br\/index.php\/wp-json\/wp\/v2\/posts\/15024","targetHints":{"allow":["GET"]}}],"collection":[{"href":"https:\/\/www.oparanews.com.br\/index.php\/wp-json\/wp\/v2\/posts"}],"about":[{"href":"https:\/\/www.oparanews.com.br\/index.php\/wp-json\/wp\/v2\/types\/post"}],"author":[{"embeddable":true,"href":"https:\/\/www.oparanews.com.br\/index.php\/wp-json\/wp\/v2\/users\/1"}],"replies":[{"embeddable":true,"href":"https:\/\/www.oparanews.com.br\/index.php\/wp-json\/wp\/v2\/comments?post=15024"}],"version-history":[{"count":0,"href":"https:\/\/www.oparanews.com.br\/index.php\/wp-json\/wp\/v2\/posts\/15024\/revisions"}],"wp:attachment":[{"href":"https:\/\/www.oparanews.com.br\/index.php\/wp-json\/wp\/v2\/media?parent=15024"}],"wp:term":[{"taxonomy":"category","embeddable":true,"href":"https:\/\/www.oparanews.com.br\/index.php\/wp-json\/wp\/v2\/categories?post=15024"},{"taxonomy":"post_tag","embeddable":true,"href":"https:\/\/www.oparanews.com.br\/index.php\/wp-json\/wp\/v2\/tags?post=15024"}],"curies":[{"name":"wp","href":"https:\/\/api.w.org\/{rel}","templated":true}]}}