{"id":15069,"date":"2021-04-26T13:01:33","date_gmt":"2021-04-26T13:01:33","guid":{"rendered":"https:\/\/oparanews.com.br\/?p=15069"},"modified":"2021-04-26T13:01:33","modified_gmt":"2021-04-26T13:01:33","slug":"kit-de-merenda-escolar-da-semed-penedo-atende-estudantes-de-mais-duas-escolas","status":"publish","type":"post","link":"https:\/\/www.oparanews.com.br\/index.php\/2021\/04\/26\/kit-de-merenda-escolar-da-semed-penedo-atende-estudantes-de-mais-duas-escolas\/","title":{"rendered":"Kit de merenda escolar da SEMED Penedo atende estudantes de mais duas escolas"},"content":{"rendered":"<p>A distribui\u00e7\u00e3o de kits da merenda escolar desenvolvida pela Prefeitura de Penedo, por meio da Secretaria Municipal de Educa\u00e7\u00e3o (SEMED), atender\u00e1 estudantes da Escola Municipal de Educa\u00e7\u00e3o B\u00e1sica (EMEB) Vereador Manoel Soares de Melo, e tamb\u00e9m da E.M.E.B Manoel Tavares.<\/p>\n<p>A entrega de alimentos adquiridos com recursos do Programa Nacional de Alimenta\u00e7\u00e3o Escolar (PNAE) e comprados diretamente do pequeno produtor rural penedense tem um cronograma dividido em duas etapas.<\/p>\n<p>Na pr\u00f3xima quarta-feira, 28 de abril, os alimentos cultivados sem uso de agrot\u00f3xicos chegam para a turma inicial da Educa\u00e7\u00e3o para Jovens e Adultos, no hor\u00e1rio das oito ao meio-dia, sendo que as demais classes da EJA recebem na segunda etapa da distribui\u00e7\u00e3o.<\/p>\n<p><a href=\"https:\/\/oparanews.com.br\/wp-content\/uploads\/2021\/04\/Sem-t\u00edtulo-232.jpg\"><img loading=\"lazy\" decoding=\"async\" class=\"aligncenter size-full wp-image-15071\" src=\"https:\/\/oparanews.com.br\/wp-content\/uploads\/2021\/04\/Sem-t\u00edtulo-232.jpg\" alt=\"\" width=\"934\" height=\"1024\" \/><\/a><\/p>\n<p>Na quarta, 28, a distribui\u00e7\u00e3o ser\u00e1 retomada \u00e0s 13 horas, exclusivamente aos pais ou respons\u00e1veis das crian\u00e7as do Ensino Infantil da Escola Manoel Soares de Melo, encerrando \u00e0s 17 horas.<\/p>\n<p>Na quinta-feira, 29, os kits de merenda escolar ser\u00e3o distribu\u00eddos para pais ou respons\u00e1veis das crian\u00e7as matriculadas no 1\u00ba ou no 2\u00ba ano, entre nove e onze da manh\u00e3.<\/p>\n<p>Ainda no mesmo dia, todo o per\u00edodo da tarde de quinta, 29, est\u00e1 reservado para repassar o kit da merenda escolar aos respons\u00e1veis pela crian\u00e7ada do 3\u00ba e do 4\u00ba ano.<\/p>\n<p>No \u00faltimo dia de abril, a SEMED Penedo conclui a primeira etapa da assist\u00eancia, atendendo as turmas do 5\u00ba e do 6\u00ba do Ensino Fundamental da Escola Manoel Soares de Melo.<\/p>\n<p><a href=\"https:\/\/oparanews.com.br\/wp-content\/uploads\/2021\/04\/Sem-t\u00edtulo-233.jpg\"><img loading=\"lazy\" decoding=\"async\" class=\"aligncenter size-full wp-image-15072\" src=\"https:\/\/oparanews.com.br\/wp-content\/uploads\/2021\/04\/Sem-t\u00edtulo-233.jpg\" alt=\"\" width=\"934\" height=\"1024\" \/><\/a><\/p>\n<p>Neste primeiro momento, 680 kits de merenda escolar ser\u00e3o distribu\u00eddos na unidade escolar localizada na Vila Matias.<\/p>\n<p>A a\u00e7\u00e3o da Prefeitura de Penedo evita o desperd\u00edcio de alimentos perec\u00edveis e tamb\u00e9m dos recursos p\u00fablicos investidos na aquisi\u00e7\u00e3o dos itens que comp\u00f5em a merenda escolar.<\/p>\n<p>A segunda etapa da entrega de alimentos de qualidade para a mesa de fam\u00edlias que comp\u00f5em a comunidade escolar da EMEB Vereador Manoel Soares de Melo acontece entre os dias 5 e 7 de maio, conforme cronograma abaixo.<\/p>\n<p><a href=\"https:\/\/oparanews.com.br\/wp-content\/uploads\/2021\/04\/Sem-t\u00edtulo-234.jpg\"><img loading=\"lazy\" decoding=\"async\" class=\"aligncenter size-full wp-image-15073\" src=\"https:\/\/oparanews.com.br\/wp-content\/uploads\/2021\/04\/Sem-t\u00edtulo-234.jpg\" alt=\"\" width=\"934\" height=\"1024\" \/><\/a><\/p>\n<p>&nbsp;<\/p>\n<p><strong>Fonte: Decom &#8211; PMP<\/strong><\/p>\n<p>&nbsp;<\/p>\n","protected":false},"excerpt":{"rendered":"<p>A distribui\u00e7\u00e3o de kits da merenda escolar desenvolvida pela Prefeitura de Penedo, por meio da Secretaria Municipal de Educa\u00e7\u00e3o (SEMED), atender\u00e1 estudantes da Escola Municipal de Educa\u00e7\u00e3o B\u00e1sica (EMEB) Vereador Manoel Soares de Melo, e tamb\u00e9m da E.M.E.B Manoel Tavares. A entrega de alimentos adquiridos com recursos do Programa Nacional de Alimenta\u00e7\u00e3o Escolar (PNAE) e &hellip;<\/p>\n","protected":false},"author":1,"featured_media":15070,"comment_status":"closed","ping_status":"closed","sticky":false,"template":"","format":"standard","meta":{"_jetpack_newsletter_access":"","_jetpack_dont_email_post_to_subs":false,"_jetpack_newsletter_tier_id":0,"_jetpack_memberships_contains_paywalled_content":false,"_jetpack_memberships_contains_paid_content":false,"footnotes":""},"categories":[1],"tags":[],"class_list":["post-15069","post","type-post","status-publish","format-standard","has-post-thumbnail","hentry","category-destaque"],"jetpack_sharing_enabled":true,"jetpack_featured_media_url":"","_links":{"self":[{"href":"https:\/\/www.oparanews.com.br\/index.php\/wp-json\/wp\/v2\/posts\/15069","targetHints":{"allow":["GET"]}}],"collection":[{"href":"https:\/\/www.oparanews.com.br\/index.php\/wp-json\/wp\/v2\/posts"}],"about":[{"href":"https:\/\/www.oparanews.com.br\/index.php\/wp-json\/wp\/v2\/types\/post"}],"author":[{"embeddable":true,"href":"https:\/\/www.oparanews.com.br\/index.php\/wp-json\/wp\/v2\/users\/1"}],"replies":[{"embeddable":true,"href":"https:\/\/www.oparanews.com.br\/index.php\/wp-json\/wp\/v2\/comments?post=15069"}],"version-history":[{"count":0,"href":"https:\/\/www.oparanews.com.br\/index.php\/wp-json\/wp\/v2\/posts\/15069\/revisions"}],"wp:attachment":[{"href":"https:\/\/www.oparanews.com.br\/index.php\/wp-json\/wp\/v2\/media?parent=15069"}],"wp:term":[{"taxonomy":"category","embeddable":true,"href":"https:\/\/www.oparanews.com.br\/index.php\/wp-json\/wp\/v2\/categories?post=15069"},{"taxonomy":"post_tag","embeddable":true,"href":"https:\/\/www.oparanews.com.br\/index.php\/wp-json\/wp\/v2\/tags?post=15069"}],"curies":[{"name":"wp","href":"https:\/\/api.w.org\/{rel}","templated":true}]}}