{"id":15087,"date":"2021-04-26T20:18:10","date_gmt":"2021-04-26T20:18:10","guid":{"rendered":"https:\/\/oparanews.com.br\/?p=15087"},"modified":"2021-04-26T20:18:10","modified_gmt":"2021-04-26T20:18:10","slug":"alagoas-confirma-mais-291-casos-e-21-mortes-por-covid-19","status":"publish","type":"post","link":"https:\/\/www.oparanews.com.br\/index.php\/2021\/04\/26\/alagoas-confirma-mais-291-casos-e-21-mortes-por-covid-19\/","title":{"rendered":"Alagoas confirma mais 291 casos e 21 mortes por Covid-19"},"content":{"rendered":"<p>Alagoas confirmou 291 novos casos e mais 21 mortes por Covid-19, segundo o boletim epidemiol\u00f3gico desta segunda-feira (26).<\/p>\n<p>Desde o come\u00e7o da pandemia, o estado registrou 170.902 casos confirmados e 4.138 \u00f3bitos por Covid-19.<\/p>\n<p>Do total de pessoas infectadas pelo novo coronav\u00edrus, 163.124 se recuperaram. Outros 2.899 pacientes em tratamento, em isolamento domiciliar.<\/p>\n<p>O n\u00famero acumulado de casos suspeitos chegou a 9.744.<\/p>\n<p>Ap\u00f3s quase tr\u00eas meses em alta, os n\u00fameros de casos e mortes por Covid-19 no estado ca\u00edram, na compara\u00e7\u00e3o entre as \u00faltimas semanas epidemiol\u00f3gicas, que s\u00e3o contadas de domingo a s\u00e1bado. Esses indicadores n\u00e3o apresentavam redu\u00e7\u00e3o simultaneamente desde a 5\u00aa semana epidemiol\u00f3gica, encerrada no dia 6 de fevereiro.<\/p>\n<p>Mesmo com a melhora desses indicadores, os pesquisadores do Observat\u00f3rio Alagoano de Pol\u00edticas P\u00fablicas para o Enfrentamento da Covid-19 explicam que ainda \u00e9 cedo para considerar que a transmiss\u00e3o do coronav\u00edrus est\u00e1 controlada. Para constatar que a situa\u00e7\u00e3o chegou ao controle, as evid\u00eancias devem ser observadas por um per\u00edodo m\u00ednimo de 14 dias, e a taxa de ocupa\u00e7\u00e3o de leitos deve estar abaixo de 70%.<\/p>\n<p>A taxa de ocupa\u00e7\u00e3o dos leitos de UTI no estado \u00e9 de 76%. Em Macei\u00f3, a ocupa\u00e7\u00e3o de UTI \u00e9 de 81%.<\/p>\n<p>&nbsp;<\/p>\n<p><strong>Fonte: G1\/AL<\/strong><\/p>\n<p>&nbsp;<\/p>\n","protected":false},"excerpt":{"rendered":"<p>Alagoas confirmou 291 novos casos e mais 21 mortes por Covid-19, segundo o boletim epidemiol\u00f3gico desta segunda-feira (26). Desde o come\u00e7o da pandemia, o estado registrou 170.902 casos confirmados e 4.138 \u00f3bitos por Covid-19. Do total de pessoas infectadas pelo novo coronav\u00edrus, 163.124 se recuperaram. Outros 2.899 pacientes em tratamento, em isolamento domiciliar. O n\u00famero &hellip;<\/p>\n","protected":false},"author":1,"featured_media":15088,"comment_status":"closed","ping_status":"closed","sticky":false,"template":"","format":"standard","meta":{"_jetpack_newsletter_access":"","_jetpack_dont_email_post_to_subs":false,"_jetpack_newsletter_tier_id":0,"_jetpack_memberships_contains_paywalled_content":false,"_jetpack_memberships_contains_paid_content":false,"footnotes":""},"categories":[1],"tags":[],"class_list":["post-15087","post","type-post","status-publish","format-standard","has-post-thumbnail","hentry","category-destaque"],"jetpack_sharing_enabled":true,"jetpack_featured_media_url":"","_links":{"self":[{"href":"https:\/\/www.oparanews.com.br\/index.php\/wp-json\/wp\/v2\/posts\/15087","targetHints":{"allow":["GET"]}}],"collection":[{"href":"https:\/\/www.oparanews.com.br\/index.php\/wp-json\/wp\/v2\/posts"}],"about":[{"href":"https:\/\/www.oparanews.com.br\/index.php\/wp-json\/wp\/v2\/types\/post"}],"author":[{"embeddable":true,"href":"https:\/\/www.oparanews.com.br\/index.php\/wp-json\/wp\/v2\/users\/1"}],"replies":[{"embeddable":true,"href":"https:\/\/www.oparanews.com.br\/index.php\/wp-json\/wp\/v2\/comments?post=15087"}],"version-history":[{"count":0,"href":"https:\/\/www.oparanews.com.br\/index.php\/wp-json\/wp\/v2\/posts\/15087\/revisions"}],"wp:attachment":[{"href":"https:\/\/www.oparanews.com.br\/index.php\/wp-json\/wp\/v2\/media?parent=15087"}],"wp:term":[{"taxonomy":"category","embeddable":true,"href":"https:\/\/www.oparanews.com.br\/index.php\/wp-json\/wp\/v2\/categories?post=15087"},{"taxonomy":"post_tag","embeddable":true,"href":"https:\/\/www.oparanews.com.br\/index.php\/wp-json\/wp\/v2\/tags?post=15087"}],"curies":[{"name":"wp","href":"https:\/\/api.w.org\/{rel}","templated":true}]}}