{"id":15090,"date":"2021-04-26T20:21:28","date_gmt":"2021-04-26T20:21:28","guid":{"rendered":"https:\/\/oparanews.com.br\/?p=15090"},"modified":"2021-04-26T20:21:28","modified_gmt":"2021-04-26T20:21:28","slug":"apos-quase-3-meses-de-alta-caem-numeros-de-novos-casos-e-mortes-por-covid","status":"publish","type":"post","link":"https:\/\/www.oparanews.com.br\/index.php\/2021\/04\/26\/apos-quase-3-meses-de-alta-caem-numeros-de-novos-casos-e-mortes-por-covid\/","title":{"rendered":"Ap\u00f3s quase 3 meses de alta, caem n\u00fameros de novos casos e mortes por Covid"},"content":{"rendered":"<p>Depois de quase tr\u00eas meses de crescimento nos n\u00fameros da Covid-19, Alagoas voltou a registrar queda de novos casos e mortes. \u00c9 o que avalia o Observat\u00f3rio Alagoano de Pol\u00edticas P\u00fablicas para Enfrentamento da Covid-19, em relat\u00f3rio divulgado nesta segunda-feira (26).<\/p>\n<p>Os pesquisadores do Observat\u00f3rio dizem que a 16\u00aa semana epidemiol\u00f3gica, que acabou no \u00faltimo s\u00e1bado (24), teve 4.677 casos e 152 mortes por Covid-19, o que corresponde a uma redu\u00e7\u00e3o de 12% e 7%, respectivamente, na compara\u00e7\u00e3o com a semana anterior.<\/p>\n<p>Essa foi a primeira vez que esses dois indicadores apresentaram redu\u00e7\u00e3o simult\u00e2nea desde a 5\u00aa semana epidemiol\u00f3gica, que foi encerrada no dia 6 de fevereiro.<\/p>\n<p>A situa\u00e7\u00e3o da ocupa\u00e7\u00e3o de leitos de UTI melhorou, mas ainda \u00e9 cr\u00edtica e continua acima de 80%, superior \u00e0 margem de seguran\u00e7a indicada pelo indicada pelo Comit\u00ea Cient\u00edfico do Cons\u00f3rcio Nordeste (C4NE) para ado\u00e7\u00e3o de medidas mais r\u00edgidas de isolamento, como o lockdown.<\/p>\n<p>Ap\u00f3s quase 30 dias de estabiliza\u00e7\u00e3o, a taxa de ocupa\u00e7\u00e3o come\u00e7ou a cair. A ocupa\u00e7\u00e3o m\u00e9dia foi de 309 leitos de UTI na \u00faltima semana, o que representa 82% de ocupa\u00e7\u00e3o, menos que os 87% registrados anteriormente.<\/p>\n<p>J\u00e1 o n\u00famero de casos suspeitos caiu quase 10%.<\/p>\n<p>Mesmo com melhora nos indicadores da pandemia, os pesquisadores do Observat\u00f3rio explicam que ainda \u00e9 cedo para afirmar que a transmiss\u00e3o do novo coronav\u00edrus est\u00e1 controlada no estado, j\u00e1 que as evid\u00eancias devem ser observadas por um per\u00edodo m\u00ednimo de 14 dias para que se tenha uma situa\u00e7\u00e3o de controle, e a taxa de ocupa\u00e7\u00e3o de leitos deve estar abaixo de 70%.<\/p>\n<p>Esses indicadores fazem parte da Matriz de Risco que norteia a mudan\u00e7a de fase no Protocolo de Distanciamento Social Controlado. O decreto que mant\u00e9m o estado na fase vermelha termina \u00e0s 23h59 de ter\u00e7a (27) e um novo decreto vai estabelecer se haver\u00e1 avan\u00e7o de fase ou continuidade da atual.<\/p>\n<p>Segundo o levantamento, todos os indicadores da pandemia em Alagoas seguem acima dos n\u00fameros registrados no fim do ano passado, quando a transmiss\u00e3o estava controlada.<\/p>\n<p>Os pesquisadores destacaram que a imuniza\u00e7\u00e3o coletiva \u00e9 a \u00fanica sa\u00edda para atual situa\u00e7\u00e3o, mas at\u00e9 l\u00e1, s\u00e3o essenciais o uso de m\u00e1scara e o respeito as decretos do poder p\u00fablico para controlar a transmiss\u00e3o do v\u00edrus, evitar o colapso do sistema de sa\u00fade e salvar vidas.<\/p>\n<p>&#8220;Por fim, os resultados apresentados acima indicam para uma desacelera\u00e7\u00e3o da transmiss\u00e3o do novo Coronav\u00edrus em Alagoas. Contudo, dada a indica\u00e7\u00e3o de um per\u00edodo m\u00ednimo de quatorze dias para se considerar uma situa\u00e7\u00e3o de controle na transmiss\u00e3o e sobretudo pelos altos n\u00edveis de ocupa\u00e7\u00e3o hospitalar, em especial em rela\u00e7\u00e3o aos leitos de UTI, ressaltamos a import\u00e2ncia das atuais medidas de controle para que continuemos a observar a redu\u00e7\u00e3o dos indicadores aqui discutidos que, junto com o avan\u00e7o da vacina\u00e7\u00e3o, possibilitar\u00e3o a retomada com seguran\u00e7a de atividades hoje suspensas&#8221;, diz um trecho do relat\u00f3rio.<\/p>\n<p><strong>Corre\u00e7\u00e3o na avalia\u00e7\u00e3o da 15\u00aa semana<\/strong><\/p>\n<p>Os pesquisadores informaram que erraram quando disseram, no relat\u00f3rio da semana passada, que a imuniza\u00e7\u00e3o da popula\u00e7\u00e3o adulta de Alagoas seria conclu\u00edda em setembro. O m\u00eas de conclus\u00e3o seria dezembro, se o ritmo de imuniza\u00e7\u00e3o fosse mantido.<\/p>\n<p>No relat\u00f3rio atual, os dados mostram que foram aplicadas 66.894 doses da vacina contra Covid- 19 em Alagoas na 16\u00aa semana epidemiol\u00f3gica. Esse n\u00famero \u00e9 24% menor do que o da semana anterior, quando 88.256 pessoas foram imunizadas.<\/p>\n<p>O Observat\u00f3rio estima que, mantido o ritmo observado nas tr\u00eas \u00faltimas semanas, a imuniza\u00e7\u00e3o da popula\u00e7\u00e3o adulta alagoana dificilmente ser\u00e1 conclu\u00edda at\u00e9 o fim de 2021.<\/p>\n<p>&nbsp;<\/p>\n<p><strong>Fonte: G1\/AL<\/strong><\/p>\n<p>&nbsp;<\/p>\n","protected":false},"excerpt":{"rendered":"<p>Depois de quase tr\u00eas meses de crescimento nos n\u00fameros da Covid-19, Alagoas voltou a registrar queda de novos casos e mortes. \u00c9 o que avalia o Observat\u00f3rio Alagoano de Pol\u00edticas P\u00fablicas para Enfrentamento da Covid-19, em relat\u00f3rio divulgado nesta segunda-feira (26). Os pesquisadores do Observat\u00f3rio dizem que a 16\u00aa semana epidemiol\u00f3gica, que acabou no \u00faltimo &hellip;<\/p>\n","protected":false},"author":1,"featured_media":15091,"comment_status":"closed","ping_status":"closed","sticky":false,"template":"","format":"standard","meta":{"_jetpack_newsletter_access":"","_jetpack_dont_email_post_to_subs":false,"_jetpack_newsletter_tier_id":0,"_jetpack_memberships_contains_paywalled_content":false,"_jetpack_memberships_contains_paid_content":false,"footnotes":""},"categories":[1],"tags":[],"class_list":["post-15090","post","type-post","status-publish","format-standard","has-post-thumbnail","hentry","category-destaque"],"jetpack_sharing_enabled":true,"jetpack_featured_media_url":"","_links":{"self":[{"href":"https:\/\/www.oparanews.com.br\/index.php\/wp-json\/wp\/v2\/posts\/15090","targetHints":{"allow":["GET"]}}],"collection":[{"href":"https:\/\/www.oparanews.com.br\/index.php\/wp-json\/wp\/v2\/posts"}],"about":[{"href":"https:\/\/www.oparanews.com.br\/index.php\/wp-json\/wp\/v2\/types\/post"}],"author":[{"embeddable":true,"href":"https:\/\/www.oparanews.com.br\/index.php\/wp-json\/wp\/v2\/users\/1"}],"replies":[{"embeddable":true,"href":"https:\/\/www.oparanews.com.br\/index.php\/wp-json\/wp\/v2\/comments?post=15090"}],"version-history":[{"count":0,"href":"https:\/\/www.oparanews.com.br\/index.php\/wp-json\/wp\/v2\/posts\/15090\/revisions"}],"wp:attachment":[{"href":"https:\/\/www.oparanews.com.br\/index.php\/wp-json\/wp\/v2\/media?parent=15090"}],"wp:term":[{"taxonomy":"category","embeddable":true,"href":"https:\/\/www.oparanews.com.br\/index.php\/wp-json\/wp\/v2\/categories?post=15090"},{"taxonomy":"post_tag","embeddable":true,"href":"https:\/\/www.oparanews.com.br\/index.php\/wp-json\/wp\/v2\/tags?post=15090"}],"curies":[{"name":"wp","href":"https:\/\/api.w.org\/{rel}","templated":true}]}}